{"id":408,"date":"2024-09-24T14:55:22","date_gmt":"2024-09-24T12:55:22","guid":{"rendered":"https:\/\/toutdroit.voyage\/?p=408"},"modified":"2024-09-26T09:45:01","modified_gmt":"2024-09-26T07:45:01","slug":"working-wwoofing-eating-sleeping","status":"publish","type":"post","link":"https:\/\/toutdroit.voyage\/index.php\/2024\/09\/24\/working-wwoofing-eating-sleeping\/","title":{"rendered":"Working, Wwoofing, Eating, Sleeping"},"content":{"rendered":"\n<p><span style=\"font-size: 10pt;\"><strong>Lundi 16 septembre 2024 <\/strong><\/span><\/p>\n<p><span style=\"font-size: 10pt;\">Breiedal \/ pluie \/ 18\u00b0<\/span><\/p>\n<p><span style=\"font-size: 10pt;\"><a href=\"https:\/\/toutdroit.voyage\/wp-content\/uploads\/2024\/09\/IMG_20240919_125238_resized_20240924_122602888.jpg\"><img loading=\"lazy\" decoding=\"async\" class=\" wp-image-416 alignright\" src=\"https:\/\/toutdroit.voyage\/wp-content\/uploads\/2024\/09\/IMG_20240919_125238_resized_20240924_122602888-300x225.jpg\" alt=\"\" width=\"199\" height=\"149\" srcset=\"https:\/\/toutdroit.voyage\/wp-content\/uploads\/2024\/09\/IMG_20240919_125238_resized_20240924_122602888-300x225.jpg 300w, https:\/\/toutdroit.voyage\/wp-content\/uploads\/2024\/09\/IMG_20240919_125238_resized_20240924_122602888-768x576.jpg 768w, https:\/\/toutdroit.voyage\/wp-content\/uploads\/2024\/09\/IMG_20240919_125238_resized_20240924_122602888.jpg 816w\" sizes=\"auto, (max-width: 199px) 100vw, 199px\" \/><\/a>Notre seconde semaine de wwoofing d\u00e9marre sur les chapeaux de roue.<br \/><\/span><span style=\"font-size: 10pt;\">C\u00f4t\u00e9 Wwoofers, nous avons encore pas mal de boulot pour finir de nettoyer la grange.<br \/><\/span><span style=\"font-size: 10pt; color: initial;\">C\u00f4t\u00e9 CNEDeurs, ils ont encore pas mal de boulot pour terminer la s\u00e9ance 1 de la s\u00e9quence 1 de l\u2019unit\u00e9 1 du chapitre 1.<br \/><\/span><span style=\"font-size: 10pt;\">Alors, bon courage \u00e0 tous\u00a0!<\/span><\/p>\n<p><span style=\"font-size: 10pt;\">Rien de particulier \u00e0 raconter sur cette journ\u00e9e mis \u00e0 part peut-\u00eatre :<\/span><\/p>\n<ul>\n<li><span style=\"font-size: 10pt;\">Le mal de t\u00eate de Simon qui part se coucher deux heures en pleine apr\u00e8s-midi (fait rarissime).<\/span><\/li>\n<li><span style=\"font-size: 10pt;\">Le pain sans levain de Charlotte qui ressemble \u00e0 un hamburger avec un go\u00fbt de brioche.<\/span><\/li>\n<li><span style=\"font-size: 10pt;\">Le lavage du plafond de la grange par Nino qui lui permet de se rem\u00e9morer cette phrase embl\u00e9matique d\u2019une BD bien connue\u00a0: \u00ab\u00a0Il pleut dans ma hutte.\u00a0\u00bb.<\/span><\/li>\n<li><span style=\"font-size: 10pt;\">La fin de la lecture du \u00ab Mariage de Figaro \u00bb par Adam qui n\u2019est d\u00e9cid\u00e9ment convaincu ni par l\u2019\u00e9criture et ni par l\u2019humour de Beaumarchais.<\/span><\/li>\n<li><span style=\"font-size: 10pt;\">La routine quotidienne de Samuel (CNED, repas, youtube, repas, s\u00e9rie, repas, renfo, dodo) qui lui fait oublier quel jour nous sommes.<\/span><\/li>\n<\/ul>\n<p>\u00a0<\/p>\n<p><span style=\"font-size: 10pt;\"><strong>Mardi 17 septembre 2024<\/strong><\/span><\/p>\n<p><span style=\"font-size: 10pt;\">Breiedal \/ soleil \/ 19\u00b0<\/span><\/p>\n<p><span style=\"font-size: 10pt;\">Tout le monde a pass\u00e9 une super nuit\u00a0! Tant mieux, c\u2019est reparti\u00a0!<\/span><\/p>\n<p><span style=\"font-size: 10pt;\">Au programme\u00a0:<\/span><\/p>\n<ul>\n<li style=\"text-align: justify;\"><span style=\"font-size: 10pt;\">CNED (encore et toujours).<\/span><\/li>\n<li style=\"text-align: justify;\"><span style=\"font-size: 10pt;\">Suite et fin du nettoyage de la grange qui est maintenant comme neuve.<\/span><\/li>\n<li style=\"text-align: justify;\"><span style=\"font-size: 10pt;\">Pr\u00e9paration du d\u00eener \u00e0 16h30\u00a0\ud83d\ude0apour toute la famille d\u2019Inger Toril et accueil \u00e0 Breiedal \u00a0: truites bouillies (p\u00each\u00e9es et cuisin\u00e9es par K\u00e5re), pur\u00e9e de pommes de terre, carottes, brocolis et concombres au vinaigre.<\/span><\/li>\n<li style=\"text-align: justify;\"><span style=\"font-size: 10pt;\">Jeux divers et vari\u00e9s avec Eiril et son grand-p\u00e8re.<\/span><\/li>\n<li style=\"text-align: justify;\"><span style=\"font-size: 10pt;\">R\u00e9servation des h\u00e9bergements pour la suite de notre voyage.<\/span><\/li>\n<li style=\"text-align: justify;\"><span style=\"font-size: 10pt;\">Renforcement musculaire pour nos deux jeunes.<\/span><\/li>\n<\/ul>\n<p><span style=\"font-size: 10pt;\">Et il est d\u00e9j\u00e0 l\u2019heure d\u2019aller se coucher\u00a0!<\/span><\/p>\n<p>\u00a0<\/p>\n<p><span style=\"font-size: 10pt;\"><strong>Mercredi 18 septembre 2024<\/strong><\/span><\/p>\n<p><span style=\"font-size: 10pt;\">Breiedal \/ Soleil \/ 19\u00b0<\/span><\/p>\n<p style=\"text-align: justify;\"><span style=\"font-size: 10pt;\"><a href=\"https:\/\/toutdroit.voyage\/wp-content\/uploads\/2024\/09\/IMG_20240918_090215_resized_20240924_122602995.jpg\"><img loading=\"lazy\" decoding=\"async\" class=\" wp-image-413 alignleft\" src=\"https:\/\/toutdroit.voyage\/wp-content\/uploads\/2024\/09\/IMG_20240918_090215_resized_20240924_122602995-225x300.jpg\" alt=\"\" width=\"159\" height=\"212\" srcset=\"https:\/\/toutdroit.voyage\/wp-content\/uploads\/2024\/09\/IMG_20240918_090215_resized_20240924_122602995-225x300.jpg 225w, https:\/\/toutdroit.voyage\/wp-content\/uploads\/2024\/09\/IMG_20240918_090215_resized_20240924_122602995.jpg 750w\" sizes=\"auto, (max-width: 159px) 100vw, 159px\" \/><\/a>Ce matin, chez les wwoofers, Inger Toril nous propose de venir avec elle pour nourrir le mignon petit veau malade. Il bo\u00eete. Sa patte arri\u00e8re droite le fait souffrir mais personne n\u2019arrive \u00e0 poser de diagnostic sur son mal. Inger Toril est dans une situation particuli\u00e8rement difficile car elle aura peut-\u00eatre \u00e0 faire un choix entre la vie et la mort du veau au regard de l\u2019am\u00e9lioration ou non de son \u00e9tat. A suivre \u2026<\/span><\/p>\n<p style=\"text-align: justify;\"><span style=\"font-size: 10pt;\"><a href=\"https:\/\/toutdroit.voyage\/wp-content\/uploads\/2024\/09\/IMG_20240918_105523_resized_20240924_122603207.jpg\"><img loading=\"lazy\" decoding=\"async\" class=\" wp-image-415 alignright\" src=\"https:\/\/toutdroit.voyage\/wp-content\/uploads\/2024\/09\/IMG_20240918_105523_resized_20240924_122603207-225x300.jpg\" alt=\"\" width=\"180\" height=\"240\" srcset=\"https:\/\/toutdroit.voyage\/wp-content\/uploads\/2024\/09\/IMG_20240918_105523_resized_20240924_122603207-225x300.jpg 225w, https:\/\/toutdroit.voyage\/wp-content\/uploads\/2024\/09\/IMG_20240918_105523_resized_20240924_122603207.jpg 750w\" sizes=\"auto, (max-width: 180px) 100vw, 180px\" \/><\/a>Aujourd\u2019hui, on change de chantier en profitant du grand soleil\u00a0: nettoyage et r\u00e9am\u00e9nagement d\u2019un espace laiss\u00e9 un peu \u00e0 l\u2019abandon et ressemblant \u00e0 un d\u00e9but de d\u00e9chetterie. D\u2019un c\u00f4t\u00e9, le bois en bon \u00e9tat dont il faut supprimer les clous afin qu\u2019il puisse servir de combustible pour l\u2019hiver et de l\u2019autre c\u00f4t\u00e9 le bois pourri qu\u2019il faut porter \u00e0 la d\u00e9chetterie. Nous proc\u00e9dons au m\u00eame tri pour les t\u00f4les abandonn\u00e9es.<\/span><\/p>\n<p style=\"text-align: justify;\"><span style=\"font-size: 10pt;\">16h : repas partag\u00e9 avec nos h\u00f4tes puis Adam et Simon ont le plaisir d\u2019accompagner Inger Toril et sa fille pour faire une session grimpe de fin de journ\u00e9e avec Herman. Soir\u00e9e cin\u00e9 pour les autres devant <em>Jumanji<\/em>.<\/span><\/p>\n<p style=\"text-align: justify;\"><span style=\"font-size: 10pt;\"><strong>Info vie quotidienne<\/strong> : <em>A Breie et Breiedal, la production de chauffage provient exclusivement du bois de leurs for\u00eats, d\u00e9bit\u00e9 en petits morceaux et transform\u00e9 en chaleur pour chauffer l\u2019eau et les maisons. \u00a0<\/em><br \/><\/span><span style=\"font-size: 10pt;\"><strong>Info \u00e9co<\/strong> : <em>\u00c0 la suite de la crise en Ukraine, la Norv\u00e8ge est devenue le plus grand exportateur europ\u00e9en de gaz naturel. La production de p\u00e9trole et de gaz se fait exclusivement en mer. Le pays est actuellement le 3<sup>e<\/sup>\u00a0plus grand producteur de gaz au monde et le 11<sup>e<\/sup> plus grand producteur de p\u00e9trole. Cependant, la Norv\u00e8ge a des objectifs climatiques ambitieux qui comportent une r\u00e9duction de plus de la moiti\u00e9 des \u00e9missions d\u2019ici 2030 et a pris plusieurs mesures pour d\u00e9carboniser son industrie p\u00e9troli\u00e8re et gazi\u00e8re. La production norv\u00e9gienne de p\u00e9trole et de gaz a l\u2019une des empreintes carbone les plus faibles au monde.<\/em><\/span><\/p>\n<p>\u00a0<\/p>\n<p><span style=\"font-size: 10pt;\"><strong>Jeudi 19 septembre 2024<\/strong><\/span><\/p>\n<p><span style=\"font-size: 10pt;\">Breiedal \/ Soleil \/ 22\u00b0<\/span><\/p>\n<p style=\"text-align: justify;\"><span style=\"font-size: 10pt;\">Fin du chantier tri. Ouf, c\u2019\u00e9tait super physique. Nino et moi commen\u00e7ons \u00e0 ressentir la fatigue li\u00e9e au travail quotidien et dormons comme des b\u00e9b\u00e9s le soir. Pour Simon, c\u2019est une autre histoire. Il trouve encore l\u2019\u00e9nergie d\u2019aller courir 10 km m\u00eame apr\u00e8s une journ\u00e9e bien dense.<\/span><\/p>\n<p style=\"text-align: justify;\"><span style=\"font-size: 10pt;\">16h\u00a0: Repas partag\u00e9 avec nos h\u00f4tes. C\u2019est notre tour de pr\u00e9parer le repas. Nous proposons des \u00a0quiches (lorraine et l\u00e9gumes) accompagn\u00e9es d\u2019une salade. Inger Toril met des fleurs comestibles dans la salade, c\u2019est magnifique. Il s\u2019agit tout simplement de soucis et de bleuets. A mon retour, je me promets d\u2019en planter dans le jardin pour en faire profiter les yeux autant que les papilles. Elle pr\u00e9pare aussi une sauce salade d\u00e9licieuse avec un ingr\u00e9dient bonus\u00a0: du miel. A tester aussi \u00e0 notre retour.<\/span><\/p>\n<p style=\"text-align: justify;\"><span style=\"font-size: 10pt;\">Pour le dessert, apr\u00e8s une semaine de g\u00e2teau au yahourt, on d\u00e9cide de tenter une nouvelle recette (on est des dingues !!) : on pr\u00e9pare des sabl\u00e9s (c\u2019est pas dingue \u00e7a ?). La touche sucr\u00e9e est tr\u00e8s appr\u00e9ci\u00e9e de nos h\u00f4tes. Tous les g\u00e2teaux y passent pour notre plus grand plaisir.<\/span><\/p>\n<p style=\"text-align: justify;\"><span style=\"font-size: 10pt;\"><a href=\"https:\/\/toutdroit.voyage\/wp-content\/uploads\/2024\/09\/IMG-20240919-WA0005.jpg\"><img loading=\"lazy\" decoding=\"async\" class=\" wp-image-427 alignright\" src=\"https:\/\/toutdroit.voyage\/wp-content\/uploads\/2024\/09\/IMG-20240919-WA0005-225x300.jpg\" alt=\"\" width=\"156\" height=\"208\" srcset=\"https:\/\/toutdroit.voyage\/wp-content\/uploads\/2024\/09\/IMG-20240919-WA0005-225x300.jpg 225w, https:\/\/toutdroit.voyage\/wp-content\/uploads\/2024\/09\/IMG-20240919-WA0005-768x1024.jpg 768w, https:\/\/toutdroit.voyage\/wp-content\/uploads\/2024\/09\/IMG-20240919-WA0005-1152x1536.jpg 1152w, https:\/\/toutdroit.voyage\/wp-content\/uploads\/2024\/09\/IMG-20240919-WA0005.jpg 1200w\" sizes=\"auto, (max-width: 156px) 100vw, 156px\" \/><\/a>Pendant qu\u2019Inger Toril part \u00e0 une r\u00e9union, nous allons r\u00e9colter les groseilles du jardin avec Eiril et Herman. C\u2019est un tr\u00e8s chouette moment de partage. Les enfants sont de moins en moins timides. Samuel joue avec Eiril et parle un peu anglais. C\u2019est trop mignon !<\/span><\/p>\n<p style=\"text-align: justify;\"><span style=\"font-size: 10pt;\"><a href=\"https:\/\/toutdroit.voyage\/wp-content\/uploads\/2024\/09\/IMG-20240920-WA0000.jpg\"><img loading=\"lazy\" decoding=\"async\" class=\" wp-image-428 alignleft\" src=\"https:\/\/toutdroit.voyage\/wp-content\/uploads\/2024\/09\/IMG-20240920-WA0000-244x300.jpg\" alt=\"\" width=\"165\" height=\"203\" srcset=\"https:\/\/toutdroit.voyage\/wp-content\/uploads\/2024\/09\/IMG-20240920-WA0000-244x300.jpg 244w, https:\/\/toutdroit.voyage\/wp-content\/uploads\/2024\/09\/IMG-20240920-WA0000-833x1024.jpg 833w, https:\/\/toutdroit.voyage\/wp-content\/uploads\/2024\/09\/IMG-20240920-WA0000-768x945.jpg 768w, https:\/\/toutdroit.voyage\/wp-content\/uploads\/2024\/09\/IMG-20240920-WA0000-1249x1536.jpg 1249w, https:\/\/toutdroit.voyage\/wp-content\/uploads\/2024\/09\/IMG-20240920-WA0000.jpg 1301w\" sizes=\"auto, (max-width: 165px) 100vw, 165px\" \/><\/a>Apr\u00e8s la r\u00e9colte, les 4 jeunes vont s\u2019amuser dans le trampoline puis partent faire du basket. Il est 19h. Simon, Nino et moi d\u00e9cidons de les laisser jouer ensemble et de partir avec Birke, le chien de la famille, pour une randonn\u00e9e que Simon estime de 5km et d\u2019une dur\u00e9e d\u2019une heure et quart. <\/span><\/p>\n<p style=\"text-align: justify;\"><span style=\"font-size: 10pt;\"><a href=\"https:\/\/toutdroit.voyage\/wp-content\/uploads\/2024\/09\/IMG_20240919_200108_resized_20240924_122720543.jpg\"><img loading=\"lazy\" decoding=\"async\" class=\" wp-image-418 alignright\" src=\"https:\/\/toutdroit.voyage\/wp-content\/uploads\/2024\/09\/IMG_20240919_200108_resized_20240924_122720543-300x225.jpg\" alt=\"\" width=\"225\" height=\"169\" srcset=\"https:\/\/toutdroit.voyage\/wp-content\/uploads\/2024\/09\/IMG_20240919_200108_resized_20240924_122720543-300x225.jpg 300w, https:\/\/toutdroit.voyage\/wp-content\/uploads\/2024\/09\/IMG_20240919_200108_resized_20240924_122720543-768x576.jpg 768w, https:\/\/toutdroit.voyage\/wp-content\/uploads\/2024\/09\/IMG_20240919_200108_resized_20240924_122720543.jpg 816w\" sizes=\"auto, (max-width: 225px) 100vw, 225px\" \/><\/a>La rando est effectivement tr\u00e8s belle mais c\u2019est sans compter le terrain gadouilleux qui colle \u00e0 nos chaussures et la nuit qui tombe. Nous rentrons dans l\u2019obscurit\u00e9, les pieds tremp\u00e9s, presque \u00e0 t\u00e2tons pour moi qui ai peur de me fouler une cheville, et mettons pr\u00e8s de deux heures \u00e0 revenir au bercail. Simon est d\u00e9sol\u00e9 de nous avoir entra\u00eener dans cette gal\u00e8re mais, finalement, \u00e7a nous fait des souvenirs et \u00e7a nous aura permis de voir une magnifique pleine lune. Positive attitude ! (#ThanksLorie)<\/span><\/p>\n<p style=\"text-align: justify;\"><span style=\"font-size: 10pt;\">De leur c\u00f4t\u00e9, Samuel et Adam ont pass\u00e9 une super fin de journ\u00e9e et ont pu faire plus ample connaissance avec nos h\u00f4tes.<\/span><\/p>\n<p style=\"text-align: justify;\"><span style=\"font-size: 10pt;\">Tout le monde s\u2019est bien d\u00e9pens\u00e9s aujourd\u2019hui. On est cuits\u00a0!! Il est plus que temps d\u2019aller se coucher<\/span><\/p>\n<p><span style=\"font-size: 10pt;\"><strong>\u00a0<\/strong><\/span><\/p>\n<p><span style=\"font-size: 10pt;\"><strong>Vendredi 20 septembre 2024<\/strong><\/span><\/p>\n<p><span style=\"font-size: 10pt;\">Breiedal \/ Soleil \/ 19\u00b0<\/span><\/p>\n<p style=\"text-align: justify;\"><span style=\"font-size: 10pt;\"><a href=\"https:\/\/toutdroit.voyage\/wp-content\/uploads\/2024\/09\/IMG-20240921-WA0004.jpg\"><img loading=\"lazy\" decoding=\"async\" class=\" wp-image-429 alignleft\" src=\"https:\/\/toutdroit.voyage\/wp-content\/uploads\/2024\/09\/IMG-20240921-WA0004-225x300.jpg\" alt=\"\" width=\"146\" height=\"195\" srcset=\"https:\/\/toutdroit.voyage\/wp-content\/uploads\/2024\/09\/IMG-20240921-WA0004-225x300.jpg 225w, https:\/\/toutdroit.voyage\/wp-content\/uploads\/2024\/09\/IMG-20240921-WA0004-768x1024.jpg 768w, https:\/\/toutdroit.voyage\/wp-content\/uploads\/2024\/09\/IMG-20240921-WA0004-1152x1536.jpg 1152w, https:\/\/toutdroit.voyage\/wp-content\/uploads\/2024\/09\/IMG-20240921-WA0004.jpg 1200w\" sizes=\"auto, (max-width: 146px) 100vw, 146px\" \/><\/a>Nouveau changement de chantier\u00a0: Nino et Simon partent pour la d\u00e9chetterie et je d\u00e9marre la premi\u00e8re couche de peinture aux pigments naturel des fen\u00eatres de la \u00abvieille maison\u00a0\u00bb, b\u00e2timent class\u00e9 et prot\u00e9g\u00e9.<\/span><\/p>\n<p style=\"text-align: justify;\"><span style=\"font-size: 10pt;\"><strong>Info culturelle<\/strong><em>\u00a0: Loin d\u2019\u00eatre une question d\u2019esth\u00e9tisme, l\u2019architecture nordique bas\u00e9e sur le bois r\u00e9pondait \u00e0 l\u2019origine avant tout \u00e0 un imp\u00e9ratif \u00e9conomique.\u00a0En effet, jusqu\u2019au d\u00e9but des ann\u00e9es 1900, les \u00e9paisses for\u00eats de conif\u00e8res repr\u00e9sentaient une source d\u2019approvisionnement quasi-in\u00e9puisable pour b\u00e2tir les villes et les villages.<\/em><\/span><\/p>\n<p style=\"text-align: justify;\"><em><span style=\"font-size: 10pt;\">Au d\u00e9but, faut de moyens, les propri\u00e9taires ne traitaient pas les surfaces ext\u00e9rieures. Le temps faisait son \u0153uvre, si bien qu\u2019apr\u00e8s quelques ann\u00e9es, une pellicule grise se d\u00e9veloppait permettant aux maisons de r\u00e9sister aux intemp\u00e9ries et \u00e0 l\u2019usure du temps.\u00a0<\/span><\/em><\/p>\n<p style=\"text-align: justify;\"><em><span style=\"font-size: 10pt;\">Petit \u00e0 petit, la peinture \u00e0 pigments est devenue plus accessible pour permettre aux habitants d&#8217;embellir leurs logis. Ainsi, le bois \u00e9tait doublement prot\u00e9g\u00e9, \u00e0 la fois par la couche naturelle en surface du bois et par les pigments color\u00e9s. <\/span><\/em><\/p>\n<p style=\"text-align: justify;\"><em><span style=\"font-size: 10pt;\">Progressivement, bourgs et villages se sont transform\u00e9s en un tableau \u00e0 ciel ouvert bi-chromatique : le rouge de sienne et le jaune ocre. Ces deux teintes offraient l\u2019avantage d\u2019\u00eatre exploit\u00e9es directement \u00e0 partir de la terre.\u00a0<\/span><\/em><\/p>\n<p style=\"text-align: justify;\"><span style=\"font-size: 10pt;\"><a href=\"https:\/\/toutdroit.voyage\/wp-content\/uploads\/2024\/09\/IMG_20240919_164705_resized_20240924_122602684.jpg\"><img loading=\"lazy\" decoding=\"async\" class=\" wp-image-417 alignright\" src=\"https:\/\/toutdroit.voyage\/wp-content\/uploads\/2024\/09\/IMG_20240919_164705_resized_20240924_122602684-225x300.jpg\" alt=\"\" width=\"177\" height=\"236\" srcset=\"https:\/\/toutdroit.voyage\/wp-content\/uploads\/2024\/09\/IMG_20240919_164705_resized_20240924_122602684-225x300.jpg 225w, https:\/\/toutdroit.voyage\/wp-content\/uploads\/2024\/09\/IMG_20240919_164705_resized_20240924_122602684.jpg 750w\" sizes=\"auto, (max-width: 177px) 100vw, 177px\" \/><\/a><a href=\"https:\/\/toutdroit.voyage\/wp-content\/uploads\/2024\/09\/IMG_20240920_171147_resized_20240924_122720340.jpg\"><img loading=\"lazy\" decoding=\"async\" class=\" wp-image-419 alignright\" src=\"https:\/\/toutdroit.voyage\/wp-content\/uploads\/2024\/09\/IMG_20240920_171147_resized_20240924_122720340-225x300.jpg\" alt=\"\" width=\"177\" height=\"236\" srcset=\"https:\/\/toutdroit.voyage\/wp-content\/uploads\/2024\/09\/IMG_20240920_171147_resized_20240924_122720340-225x300.jpg 225w, https:\/\/toutdroit.voyage\/wp-content\/uploads\/2024\/09\/IMG_20240920_171147_resized_20240924_122720340.jpg 750w\" sizes=\"auto, (max-width: 177px) 100vw, 177px\" \/><\/a>16h\u00a0: Repas partag\u00e9 avec nos h\u00f4tes\u00a0: agneau mijot\u00e9, compot\u00e9 de choux et \u00e9cras\u00e9 de pommes de terre. Un r\u00e9gal\u00a0!!! Nous passons un excellent moment convivial. Je sors le ukul\u00e9l\u00e9 et jouent quelques m\u00e9lodies connues telles que <em>Let it be<\/em>, <em>Hallelujah<\/em> ou <em>The Lion sleeps tonight <\/em>( et d\u2019ailleurs pourquoi en anglais il \u00ab sleeps \u00bb le lion alors qu&rsquo;en fran\u00e7ais il meurt ??? #BBhelping<em>)<\/em>. C\u2019est tr\u00e8s sympa. Il n\u2019y a pas de musiciens dans la famille mais ils aiment tous \u00e9couter de la musique et nous partageons nos coups de c\u0153ur.<\/span><\/p>\n<p style=\"text-align: justify;\"><span style=\"font-size: 10pt;\">19h : Nous nous s\u00e9parons car ils partent rejoindre de la famille \u00e0 Hamar jusque samedi soir. Ils nous confient leur chien (Birke), leur petit veau malade (Eeyore) et leur voiture (Mitsubishi). Pas de probl\u00e8me. On g\u00e8re !<\/span><\/p>\n<p>\u00a0<\/p>\n<p><span style=\"font-size: 10pt;\"><strong>Samedi 21 septembre 2024<\/strong><\/span><\/p>\n<p><span style=\"font-size: 10pt;\">Breiedal \/ Soleil \/ 19\u00b0<\/span><\/p>\n<p style=\"text-align: justify;\"><span style=\"font-size: 10pt;\">9h\u00a0: pas de temps \u00e0 perdre. Simon et moi montons \u00e0 Breie pour aller nourrir le petit veau et le faire sortir de son enclos. Il ne boit pas beaucoup ce matin. On croise les doigts pour qu\u2019il aille mieux mais l\u2019am\u00e9lioration n\u2019est pas visible pour le moment.<\/span><\/p>\n<p style=\"text-align: justify;\"><span style=\"font-size: 10pt;\"><a href=\"https:\/\/toutdroit.voyage\/wp-content\/uploads\/2024\/09\/IMG_20240921_111555_resized_20240924_122832514.jpg\"><img loading=\"lazy\" decoding=\"async\" class=\" wp-image-420 alignleft\" src=\"https:\/\/toutdroit.voyage\/wp-content\/uploads\/2024\/09\/IMG_20240921_111555_resized_20240924_122832514-300x225.jpg\" alt=\"\" width=\"211\" height=\"158\" srcset=\"https:\/\/toutdroit.voyage\/wp-content\/uploads\/2024\/09\/IMG_20240921_111555_resized_20240924_122832514-300x225.jpg 300w, https:\/\/toutdroit.voyage\/wp-content\/uploads\/2024\/09\/IMG_20240921_111555_resized_20240924_122832514-768x576.jpg 768w, https:\/\/toutdroit.voyage\/wp-content\/uploads\/2024\/09\/IMG_20240921_111555_resized_20240924_122832514.jpg 816w\" sizes=\"auto, (max-width: 211px) 100vw, 211px\" \/><\/a>10h15 : une fois le petit d\u00e9jeuner aval\u00e9, nous prenons la route pour aller d\u00e9couvrir la montagne nomm\u00e9e Bj\u01ffrgovarden. On emm\u00e8ne Birke (le chien) avec nous. Il fait le foufou car il a tr\u00e8s envie de se d\u00e9gourdir les pattes. A peine 20 minutes plus tard, nous voici au d\u00e9part de la randonn\u00e9e qui promet d\u2019\u00eatre magnifique. Birke est au taquet. Samuel est ravi de tenir la laisse et part \u00e0 toute allure entrain\u00e9 par le foufou poilu.<\/span><\/p>\n<table style=\"border-collapse: collapse; width: 100%;\">\n<tbody>\n<tr>\n<td style=\"width: 50%;\"><a href=\"https:\/\/toutdroit.voyage\/wp-content\/uploads\/2024\/09\/IMG_20240921_121409_resized_20240924_122831641.jpg\"><img loading=\"lazy\" decoding=\"async\" class=\"wp-image-422 alignright\" src=\"https:\/\/toutdroit.voyage\/wp-content\/uploads\/2024\/09\/IMG_20240921_121409_resized_20240924_122831641-300x225.jpg\" alt=\"\" width=\"249\" height=\"187\" srcset=\"https:\/\/toutdroit.voyage\/wp-content\/uploads\/2024\/09\/IMG_20240921_121409_resized_20240924_122831641-300x225.jpg 300w, https:\/\/toutdroit.voyage\/wp-content\/uploads\/2024\/09\/IMG_20240921_121409_resized_20240924_122831641-768x576.jpg 768w, https:\/\/toutdroit.voyage\/wp-content\/uploads\/2024\/09\/IMG_20240921_121409_resized_20240924_122831641.jpg 1000w\" sizes=\"auto, (max-width: 249px) 100vw, 249px\" \/><\/a><\/td>\n<td style=\"width: 50%;\"><a href=\"https:\/\/toutdroit.voyage\/wp-content\/uploads\/2024\/09\/IMG_20240921_112826_resized_20240924_122832175-e1727174271798.jpg\"><img loading=\"lazy\" decoding=\"async\" class=\"wp-image-421 alignleft\" src=\"https:\/\/toutdroit.voyage\/wp-content\/uploads\/2024\/09\/IMG_20240921_112826_resized_20240924_122832175-e1727174271798-300x249.jpg\" alt=\"\" width=\"229\" height=\"190\" srcset=\"https:\/\/toutdroit.voyage\/wp-content\/uploads\/2024\/09\/IMG_20240921_112826_resized_20240924_122832175-e1727174271798-300x249.jpg 300w, https:\/\/toutdroit.voyage\/wp-content\/uploads\/2024\/09\/IMG_20240921_112826_resized_20240924_122832175-e1727174271798.jpg 612w\" sizes=\"auto, (max-width: 229px) 100vw, 229px\" \/><\/a><\/td>\n<\/tr>\n<\/tbody>\n<\/table>\n<p style=\"text-align: justify;\"><span style=\"font-size: 10pt;\">La randonn\u00e9e est superbe. Le soleil est de la partie et nous permet de profiter d\u2019une vue incroyable \u00e0 360\u00b0 du haut du sommet de la montagne Bj\u01ffrgovarden culminant \u00e0 1 138 m\u00e8tres. Ooooh, j\u2019entends d\u00e9j\u00e0 les puristes de randonn\u00e9es critiquer le terme \u00ab montagne \u00bb parce que, <em>\u00ab\u00a01 138 m\u00e8tres, c\u2019est pas tr\u00e8s haut\u00a0quand m\u00eame<\/em>\u00bb.<\/span><\/p>\n<p style=\"text-align: justify;\"><span style=\"font-size: 10pt;\">Et bien sachez que \u00ab\u00a0<em>en France, des crit\u00e8res administratifs et l\u00e9gislatifs ont \u00e9t\u00e9 d\u00e9finis. La loi montagne (1985) insiste sur des seuils et des pentes :\u00a0entre 600 et 800 m\u00e8tres d&rsquo;altitude moyenne communale et une pente sup\u00e9rieure \u00e0 20 %, hors outre-mer.<\/em>\u00a0\u00bb Et paf\u00a0!<\/span><\/p>\n<p style=\"text-align: justify;\"><span style=\"font-size: 10pt;\">Retour \u00e0 la maison vers 13h pour une petite collation et un rapide repos digestif.<\/span><\/p>\n<p style=\"text-align: justify;\"><span style=\"font-size: 10pt;\">14h30 : branlebas de combat. Je viens de me rendre compte que le mus\u00e9e que nous souhaitons visiter cet apr\u00e8s-midi ferme \u00e0 16h et nous avons 30 minutes de route. Zutafl\u00fbte !! On saute dans la voiture sans Birke qui se repose de son marathon du matin.<\/span><\/p>\n<p style=\"text-align: justify;\"><span style=\"font-size: 10pt;\">15h15\u00a0: arriv\u00e9e \u00e0 la bourre au Folkmuseum de Fagerness et l\u00e0, miracle, notre apparition tardive nous donne droit \u00e0 une entr\u00e9e \u00e0 moiti\u00e9 prix\u00a0! Youpi\u00a0! Et nous apprenons dans la foul\u00e9e que les trois quarts de la visite se font \u00e0 l\u2019ext\u00e9rieur sans contrainte horaire. Youpi youpi tralala\u00a0!<\/span><\/p>\n<p style=\"text-align: justify;\"><span style=\"font-size: 10pt;\"><a href=\"https:\/\/toutdroit.voyage\/wp-content\/uploads\/2024\/09\/IMG_20240921_154644_resized_20240924_122832356.jpg\"><img loading=\"lazy\" decoding=\"async\" class=\" wp-image-424 alignleft\" src=\"https:\/\/toutdroit.voyage\/wp-content\/uploads\/2024\/09\/IMG_20240921_154644_resized_20240924_122832356-225x300.jpg\" alt=\"\" width=\"164\" height=\"219\" srcset=\"https:\/\/toutdroit.voyage\/wp-content\/uploads\/2024\/09\/IMG_20240921_154644_resized_20240924_122832356-225x300.jpg 225w, https:\/\/toutdroit.voyage\/wp-content\/uploads\/2024\/09\/IMG_20240921_154644_resized_20240924_122832356.jpg 612w\" sizes=\"auto, (max-width: 164px) 100vw, 164px\" \/><\/a><a href=\"https:\/\/toutdroit.voyage\/wp-content\/uploads\/2024\/09\/IMG_20240921_153501_resized_20240924_122831955.jpg\"><img loading=\"lazy\" decoding=\"async\" class=\" wp-image-423 alignleft\" src=\"https:\/\/toutdroit.voyage\/wp-content\/uploads\/2024\/09\/IMG_20240921_153501_resized_20240924_122831955-225x300.jpg\" alt=\"\" width=\"165\" height=\"220\" srcset=\"https:\/\/toutdroit.voyage\/wp-content\/uploads\/2024\/09\/IMG_20240921_153501_resized_20240924_122831955-225x300.jpg 225w, https:\/\/toutdroit.voyage\/wp-content\/uploads\/2024\/09\/IMG_20240921_153501_resized_20240924_122831955.jpg 750w\" sizes=\"auto, (max-width: 165px) 100vw, 165px\" \/><\/a>Nous prenons donc notre temps pour d\u00e9couvrir les costumes traditionnels de la Norv\u00e8ge, les anciennes constructions et leurs am\u00e9nagements int\u00e9rieurs ainsi que les greniers ext\u00e9rieurs. Nous faisons ensuite le tour de la presqu\u2019\u00eele du mus\u00e9e tr\u00e8s bien am\u00e9nag\u00e9e et entretenue. Au cours de notre promenade, nous tombons sur un frisbee perdu et d\u00e9cidons de le ramener avec nous apr\u00e8s avoir fait quelques lancers bien s\u00fbr. On manque clairement de pr\u00e9cision\u00a0! Il va falloir travailler nos side, nos back, nos upside et nos catch !<\/span><\/p>\n<p style=\"text-align: justify;\"><span style=\"font-size: 10pt;\">16h30\u00a0: c\u2019est l\u2019heure de la petite glace en terrasse\u00a0! Les enfants choisissent une glace italienne avec \u00a0des p\u00e9pites de sucre dessus (parce que ce n\u2019est pas assez sucr\u00e9 comme \u00e7a\u00a0!)<\/span><\/p>\n<p style=\"text-align: justify;\"><span style=\"font-size: 10pt;\">Pour \u00e9vacuer l\u2019exc\u00e8s de glucose, une petite heure de basket s\u2019impose\u00a0! Ensuite on rentre vite pour donner \u00e0 manger au petit veau et ramener Birke chez lui.<\/span><\/p>\n<p style=\"text-align: justify;\"><span style=\"font-size: 10pt;\">19h30\u00a0: repas \u00e0 l\u2019heure fran\u00e7aise avec plat italien (spaghettis bolo) puis grododo.<\/span><\/p>\n<p style=\"text-align: justify;\">\u00a0<\/p>\n<p><span style=\"font-size: 10pt;\"><strong>Dimanche 22 septembre 2024 <\/strong><\/span><\/p>\n<p><span style=\"font-size: 10pt;\">Breiedal \/ Brume puis soleil \/ 18\u00b0<\/span><\/p>\n<p style=\"text-align: justify;\"><span style=\"font-size: 10pt;\">Rien de pr\u00e9vu aujourd\u2019hui alors on se repose. Beaucoup de brume ce matin, ce qui ne nous encourage pas \u00e0 sortir. Nous avons, de toute fa\u00e7on, de la cuisine \u00e0 faire car nous avons pr\u00e9vu de pr\u00e9parer le d\u00eener de lundi pour nos h\u00f4tes. Au menu : la fameuse roulade de saumon aux \u00e9pinards des <em>Jules aux fourneaux<\/em> et croque-monsieur. Comme on est lanc\u00e9, Simon d\u00e9cide de faire des cr\u00eapes, Samuel des cookies et moi du pain.<\/span><\/p>\n<p><span style=\"font-size: 10pt;\"><a href=\"https:\/\/toutdroit.voyage\/wp-content\/uploads\/2024\/09\/IMG_20240922_144530_resized_20240924_122942410.jpg\"><img loading=\"lazy\" decoding=\"async\" class=\" wp-image-426 alignleft\" src=\"https:\/\/toutdroit.voyage\/wp-content\/uploads\/2024\/09\/IMG_20240922_144530_resized_20240924_122942410-300x225.jpg\" alt=\"\" width=\"244\" height=\"183\" srcset=\"https:\/\/toutdroit.voyage\/wp-content\/uploads\/2024\/09\/IMG_20240922_144530_resized_20240924_122942410-300x225.jpg 300w, https:\/\/toutdroit.voyage\/wp-content\/uploads\/2024\/09\/IMG_20240922_144530_resized_20240924_122942410-768x576.jpg 768w, https:\/\/toutdroit.voyage\/wp-content\/uploads\/2024\/09\/IMG_20240922_144530_resized_20240924_122942410.jpg 1000w\" sizes=\"auto, (max-width: 244px) 100vw, 244px\" \/><\/a>14h30 : Bon anniversaire Papou ! Petite visio en direct de Bourdon City pour l&rsquo;occasion.\u00a0<\/span><\/p>\n<p style=\"text-align: justify;\"><span style=\"font-size: 10pt;\">15h : Le soleil est revenu . On pousse les enfants dehors pour qu\u2019ils prennent l\u2019air. On trouve un super terrain de frisbee et on s\u2019entraine comme des wwoofs, euh non des oufs ! M\u00eame Nino participe et s\u2019amuse. C\u2019est chouette. Apr\u00e8s une bonne heure de jeu, on rentre tranquillement \u00e0 la maison pour manger (des cr\u00eapes, des cookies et du pain), faire un petit S\u00e9quence avec K\u00e5re,\u00a0 regarder un petit film et aller au dodo.<\/span><\/p>\n<p><span style=\"font-size: 10pt;\">Voici la fin d&rsquo;une petite semaine bien remplie avec une routine bien install\u00e9e : working, wwoofing, eating, sleeping ! Absolument tr\u00e9pidant ! Que nous r\u00e9serve la prochaine semaine ? Le suspens est total&#8230;<\/span><\/p>\n","protected":false},"excerpt":{"rendered":"<p>Lundi 16 septembre 2024 Breiedal \/ pluie \/ 18\u00b0 Notre seconde semaine de wwoofing d\u00e9marre sur les chapeaux de roue.C\u00f4t\u00e9 Wwoofers, nous avons encore pas mal de boulot pour finir de nettoyer la grange.C\u00f4t\u00e9 CNEDeurs, ils ont encore pas mal&hellip; <\/p>\n","protected":false},"author":2,"featured_media":0,"comment_status":"open","ping_status":"open","sticky":false,"template":"","format":"standard","meta":{"footnotes":""},"categories":[9],"tags":[],"class_list":["post-408","post","type-post","status-publish","format-standard","hentry","category-sept-24-norvege"],"_links":{"self":[{"href":"https:\/\/toutdroit.voyage\/index.php\/wp-json\/wp\/v2\/posts\/408","targetHints":{"allow":["GET"]}}],"collection":[{"href":"https:\/\/toutdroit.voyage\/index.php\/wp-json\/wp\/v2\/posts"}],"about":[{"href":"https:\/\/toutdroit.voyage\/index.php\/wp-json\/wp\/v2\/types\/post"}],"author":[{"embeddable":true,"href":"https:\/\/toutdroit.voyage\/index.php\/wp-json\/wp\/v2\/users\/2"}],"replies":[{"embeddable":true,"href":"https:\/\/toutdroit.voyage\/index.php\/wp-json\/wp\/v2\/comments?post=408"}],"version-history":[{"count":29,"href":"https:\/\/toutdroit.voyage\/index.php\/wp-json\/wp\/v2\/posts\/408\/revisions"}],"predecessor-version":[{"id":479,"href":"https:\/\/toutdroit.voyage\/index.php\/wp-json\/wp\/v2\/posts\/408\/revisions\/479"}],"wp:attachment":[{"href":"https:\/\/toutdroit.voyage\/index.php\/wp-json\/wp\/v2\/media?parent=408"}],"wp:term":[{"taxonomy":"category","embeddable":true,"href":"https:\/\/toutdroit.voyage\/index.php\/wp-json\/wp\/v2\/categories?post=408"},{"taxonomy":"post_tag","embeddable":true,"href":"https:\/\/toutdroit.voyage\/index.php\/wp-json\/wp\/v2\/tags?post=408"}],"curies":[{"name":"wp","href":"https:\/\/api.w.org\/{rel}","templated":true}]}}