{"id":368,"date":"2024-09-17T15:27:20","date_gmt":"2024-09-17T13:27:20","guid":{"rendered":"https:\/\/toutdroit.voyage\/?p=368"},"modified":"2024-09-26T09:37:53","modified_gmt":"2024-09-26T07:37:53","slug":"lheure-du-wwoof","status":"publish","type":"post","link":"https:\/\/toutdroit.voyage\/index.php\/2024\/09\/17\/lheure-du-wwoof\/","title":{"rendered":"L&rsquo;heure du Wwoof"},"content":{"rendered":"\n<p style=\"text-align: justify;\"><span style=\"font-size: 10pt;\"><strong>Lundi 9 septembre 2024<\/strong><\/span><\/p>\n<p style=\"text-align: justify;\"><span style=\"font-size: 10pt;\">Breiedal \/ Pluie, pluie, pluie \/ 18\u00b0<\/span><\/p>\n<p style=\"text-align: justify;\"><span style=\"font-size: 10pt;\"><a href=\"https:\/\/toutdroit.voyage\/wp-content\/uploads\/2024\/09\/IMG_20240910_144306_resized_20240917_075622816.jpg\"><img loading=\"lazy\" decoding=\"async\" class=\" wp-image-374 alignleft\" src=\"https:\/\/toutdroit.voyage\/wp-content\/uploads\/2024\/09\/IMG_20240910_144306_resized_20240917_075622816-225x300.jpg\" alt=\"\" width=\"155\" height=\"207\" srcset=\"https:\/\/toutdroit.voyage\/wp-content\/uploads\/2024\/09\/IMG_20240910_144306_resized_20240917_075622816-225x300.jpg 225w, https:\/\/toutdroit.voyage\/wp-content\/uploads\/2024\/09\/IMG_20240910_144306_resized_20240917_075622816.jpg 750w\" sizes=\"auto, (max-width: 155px) 100vw, 155px\" \/><\/a>R\u00e9veil ce matin en pleine forme. Nos chambres sont parfaites. Simon et moi avons un lit big big size avec couettes \u00e0 part. Je vais enfin pouvoir dormir sans qu\u2019il prenne toute la place et toute la couette. (Joke\u00a0!)\u00a0\u00a0Les enfants sont log\u00e9s au deuxi\u00e8me \u00e9tage avec une grande chambre compos\u00e9e de trois lits une place. Ils ont donc leur espace \u00e0 eux qu\u2019ils investissent rapidement pour lire, \u00e9couter de la musique, glandouiller, faire leur \u00ab\u00a0renfo\u00a0\u00bb, discuter avec leurs potes sur Whatsapp car, comble du bonheur\u00a0: on a une connexion Wifi de DINGUE\u00a0!!! Et je pense que \u00e7a, plus que tous les pots de nutella, les anniversaires \u00e0 Kiddyteuf, les repas tacos ou les soir\u00e9es cin\u00e9, c\u2019est le top du top de la b\u00e9atitude\u00a0du nirvana de l\u2019all\u00e9gresse ! Aaaah\u00a0! les g\u00e9n\u00e9rations changent. Que voulez-vous camarades !<\/span><\/p>\n<p style=\"text-align: justify;\"><span style=\"font-size: 10pt;\">Aujourd\u2019hui, la Norv\u00e8ge nous accueille \u00e0 bras ouvert. Pour ne pas nous donner le mal du pays, elle nous a r\u00e9serv\u00e9 un bon vieux temps picard comme on l\u2019aime\u00a0: de la pluie TOUTE la journ\u00e9e. La veille, Inger Toril nous avait expliqu\u00e9 que nous ne pourrions pas commencer \u00e0 wwoofer avant 2 jours car elle devait s\u2019absenter pour son travail. Nous passons donc ce premier jour dans la maison sans pouvoir mettre notre nez dehors. C\u2019est CNED et lecture \u00e0 gogo\u00a0!<\/span><\/p>\n<p style=\"text-align: justify;\"><span style=\"font-size: 10pt;\">Nous apprenons \u00e0 conna\u00eetre K\u00e5re et son mode de vie. Nous constatons qu\u2019il ne mange pas du tout en m\u00eame temps que nous\u00a0: une petite collation froide \u00e0 9h (le petit d\u00e9jeuner), une autre \u00e0 11h (le d\u00e9jeuner) puis un repas chaud et cons\u00e9quent \u00e0 16h (le d\u00eener) et une tr\u00e8s l\u00e9g\u00e8re collation \u00e0 20h (le post d\u00eener). Horreur et damnation\u00a0: aucun ap\u00e9ro\u00a0en vue ! Snif\u00a0!<\/span><\/p>\n<p style=\"text-align: justify;\"><span style=\"font-size: 10pt;\">De notre c\u00f4t\u00e9, nous n\u2019avons pour le moment que peu de nourriture \u00e0 nous mettre sous la dent. On se fait des tartines de pain-beurre-fromage en attendant patiemment le soir et le repas avec la famille d\u2019Inger Toril. Je suis un peu angoiss\u00e9e par cette question de la nourriture\u00a0: mes enfants pourront-ils manger \u00e0 leur faim\u00a0? Devrons-nous aller chercher des plantes dans la nature pour survivre\u00a0? Bon, personne n\u2019a l\u2019air de se plaindre pour le moment, profitons-en\u00a0!<\/span><\/p>\n<p style=\"text-align: justify;\"><span style=\"font-size: 10pt;\"><a href=\"https:\/\/toutdroit.voyage\/wp-content\/uploads\/2024\/09\/IMG_20240910_194152_resized_20240917_075622382.jpg\"><img loading=\"lazy\" decoding=\"async\" class=\" wp-image-376 alignright\" src=\"https:\/\/toutdroit.voyage\/wp-content\/uploads\/2024\/09\/IMG_20240910_194152_resized_20240917_075622382-300x225.jpg\" alt=\"\" width=\"219\" height=\"164\" srcset=\"https:\/\/toutdroit.voyage\/wp-content\/uploads\/2024\/09\/IMG_20240910_194152_resized_20240917_075622382-300x225.jpg 300w, https:\/\/toutdroit.voyage\/wp-content\/uploads\/2024\/09\/IMG_20240910_194152_resized_20240917_075622382-768x576.jpg 768w, https:\/\/toutdroit.voyage\/wp-content\/uploads\/2024\/09\/IMG_20240910_194152_resized_20240917_075622382.jpg 1000w\" sizes=\"auto, (max-width: 219px) 100vw, 219px\" \/><\/a>Nous expliquons \u00e0 K\u00e5re comment jouer \u00e0 S\u00e9quence, un jeu de cartes tr\u00e8s chouette dont j\u2019ai reproduit le plateau sur du tissu pour pouvoir l\u2019emporter dans nos sacs (Merci Maylis pour le coup de main). Il adore et gagne la partie. Ouaip, c\u2019est probablement la chance du d\u00e9butant\u2026<\/span><\/p>\n<p style=\"text-align: justify;\"><span style=\"font-size: 10pt;\"><a href=\"https:\/\/toutdroit.voyage\/wp-content\/uploads\/2024\/09\/IMG-20240909-WA0010_edit_553366942176496.jpg\"><img loading=\"lazy\" decoding=\"async\" class=\" wp-image-386 alignleft\" src=\"https:\/\/toutdroit.voyage\/wp-content\/uploads\/2024\/09\/IMG-20240909-WA0010_edit_553366942176496-300x231.jpg\" alt=\"\" width=\"222\" height=\"171\" srcset=\"https:\/\/toutdroit.voyage\/wp-content\/uploads\/2024\/09\/IMG-20240909-WA0010_edit_553366942176496-300x231.jpg 300w, https:\/\/toutdroit.voyage\/wp-content\/uploads\/2024\/09\/IMG-20240909-WA0010_edit_553366942176496-1024x790.jpg 1024w, https:\/\/toutdroit.voyage\/wp-content\/uploads\/2024\/09\/IMG-20240909-WA0010_edit_553366942176496-768x592.jpg 768w, https:\/\/toutdroit.voyage\/wp-content\/uploads\/2024\/09\/IMG-20240909-WA0010_edit_553366942176496-1536x1184.jpg 1536w, https:\/\/toutdroit.voyage\/wp-content\/uploads\/2024\/09\/IMG-20240909-WA0010_edit_553366942176496.jpg 2048w\" sizes=\"auto, (max-width: 222px) 100vw, 222px\" \/><\/a>Le mari de Inger Toril, Frederik, \u00a0vient nous chercher vers 18h30 et nous emm\u00e8ne jusqu\u2019\u00e0 leur maison (situ\u00e9e \u00e0 1km de la n\u00f4tre). Ils nous pr\u00e9sentent leurs enfants\u00a0: Eiril (7 ans aujourd\u2019hui m\u00eame), Herman (14 ans) et Alfred (16 ans) et leur chien (Birke). C\u2019est une tr\u00e8s belle famille et leur maison est magnifique avec des po\u00eales \u00e0 bois dans chaque pi\u00e8ce, de grands espaces et une vue incroyable sur la vall\u00e9e. Inger Toril a cuisin\u00e9 un plat de lasagnes pr\u00e9par\u00e9 avec la viande de ses vaches et accompagn\u00e9 d\u2019une salade et de betteraves blanches po\u00eal\u00e9es. Un vrai r\u00e9gal\u00a0! Ses lasagnes surpassent celles de Simon et, pour ceux qui ont d\u00e9j\u00e0 gout\u00e9 les lasagnes de Simon, autant dire que c\u2019est une prouesse.<\/span><\/p>\n<p style=\"text-align: justify;\"><span style=\"font-size: 10pt;\">Nous passons un merveilleux moment avec toute la famille en essayant de communiquer tant bien que mal en anglais, agr\u00e9mentant la langue de quelques mots en fran\u00e7ais, en norv\u00e9gien et en langue des signes.<\/span><\/p>\n<p style=\"text-align: justify;\"><span style=\"font-size: 10pt;\">Retour \u00e0 la maison vers 21h et soir\u00e9e tranquille.<\/span><\/p>\n<p style=\"text-align: justify;\"><span style=\"font-size: 10pt;\"><strong>\u00a0<\/strong><\/span><\/p>\n<p style=\"text-align: justify;\"><span style=\"font-size: 10pt;\"><strong>Mardi 10 septembre 2024<\/strong><\/span><\/p>\n<p style=\"text-align: justify;\"><span style=\"font-size: 10pt;\">Breiedal \/ Soleil et cumulus \/ 17\u00b0<\/span><\/p>\n<p style=\"text-align: justify;\"><span style=\"font-size: 10pt;\">Tr\u00e8s beau temps ce matin. Id\u00e9al pour aller d\u00e9couvrir les alentours. Nous avons h\u00e2te de sortir car la journ\u00e9e pluvieuse d\u2019hier nous a contraint \u00e0 rester enferm\u00e9s. Matin\u00e9e studieuse avec deux heures de CNED, petit repas rapide \u00e0 midi (nous gardons encore notre rythme fran\u00e7ais) puis, enfin, nous enfilons nos chaussures et nos pulls pour aller marcher. Ce matin, Simon est parti courir pour faire un premier rep\u00e9rage. Ses 10 km de course se sont transform\u00e9s en 11,5 km de course et marche sur routes et chemins, en terrain sec et humide, en descentes et mont\u00e9es. Perdu dans la for\u00eat norv\u00e9gienne au bout de quelques kilom\u00e8tres, il a fait appel \u00e0 sa montre connect\u00e9e qui a eu la gentillesse de lui indiquer le bon chemin (merci Garmin\u00a0!). Ainsi apr\u00e8s avoir travers\u00e9 un champ, franchi une rivi\u00e8re (merci Gortex\u00a0!) et gravi une belle butte, il a finalement pu rentrer \u00e0 la maison sain et sauf (merci mon Dieu !).<\/span><\/p>\n<p style=\"text-align: justify;\"><span style=\"font-size: 10pt;\"><a href=\"https:\/\/toutdroit.voyage\/wp-content\/uploads\/2024\/09\/IMG_20240910_150142_resized_20240917_075622603.jpg\"><img loading=\"lazy\" decoding=\"async\" class=\"wp-image-375 alignleft\" src=\"https:\/\/toutdroit.voyage\/wp-content\/uploads\/2024\/09\/IMG_20240910_150142_resized_20240917_075622603-300x225.jpg\" alt=\"\" width=\"223\" height=\"167\" srcset=\"https:\/\/toutdroit.voyage\/wp-content\/uploads\/2024\/09\/IMG_20240910_150142_resized_20240917_075622603-300x225.jpg 300w, https:\/\/toutdroit.voyage\/wp-content\/uploads\/2024\/09\/IMG_20240910_150142_resized_20240917_075622603-768x576.jpg 768w, https:\/\/toutdroit.voyage\/wp-content\/uploads\/2024\/09\/IMG_20240910_150142_resized_20240917_075622603.jpg 816w\" sizes=\"auto, (max-width: 223px) 100vw, 223px\" \/><\/a>A 14h, Simon prend donc la t\u00eate de notre petite promenade. Le paysage est superbe, immense, vallonn\u00e9, \u00a0sauvage, offrant des for\u00eats de sapins \u00e0 perte de vue. Surprise du chef\u00a0: au bout de notre balade se trouve une belle cascade. L\u2019eau est omnipr\u00e9sente dans cette r\u00e9gion. C\u2019est rassurant au regard du contexte actuel.<\/span><\/p>\n<p style=\"text-align: justify;\"><span style=\"font-size: 10pt;\">Nous rentrons en fin de journ\u00e9e pour bouquiner et refaire un peu de CNED. RAS sur la soir\u00e9e qui se passe tranquillement et se termine par un joyeux S\u00e9quence avec K\u00e5re.<\/span><\/p>\n<p style=\"text-align: justify;\"><span style=\"font-size: 10pt;\"><strong>Mercredi 11 septembre 2024<\/strong><\/span><\/p>\n<p style=\"text-align: justify;\"><span style=\"font-size: 10pt;\">Breiedal \/ Ciel nuageux \/ 15\u00b0<\/span><\/p>\n<p style=\"text-align: justify;\"><span style=\"font-size: 10pt;\">La temp\u00e9rature descend petit \u00e0 petit et nos pulls et autres doudounettes ne sont pas de trop lorsque nous sommes \u00e0 l\u2019ext\u00e9rieur. Ce matin, Simon tr\u00e9pigne d\u2019impatience : il est enfin venu le temps du wwoofing. Comme convenu la veille, Inger Toril nous donne rendez-vous \u00e0 9h pour nous expliquer les travaux envisag\u00e9s durant notre s\u00e9jour. Plusieurs chantiers sont identifi\u00e9s : cr\u00e9er une zone de permaculture pour de futures plantations, nettoyer la grange et l\u2019\u00e9table qui servent d\u2019abri aux vaches pendant les mois les plus froids, construire des barri\u00e8res pour le poulailler d\u2019hiver, imaginer une structure pour d\u00e9limiter les zones de permaculture.<\/span><\/p>\n<p style=\"text-align: justify;\"><span style=\"font-size: 10pt;\">Nous parlons du potager avec Inger Toril et elle nous explique qu\u2019elle a beaucoup de mal \u00e0 faire pousser des plantes \u00e0 Breie car la m\u00e9t\u00e9o peu cl\u00e9mente et les temp\u00e9ratures froides, m\u00eame en \u00e9t\u00e9, entravent la croissance des v\u00e9g\u00e9taux. Elle aimerait pouvoir agrandir son jardin potager mais elle est seule \u00e0 s\u2019occuper de l\u2019entretien de l\u2019ensemble de la propri\u00e9t\u00e9. Ses enfants et son mari ne peuvent pas beaucoup l&rsquo;aider dans ses t\u00e2ches et force est de constater qu\u2019il y a beaucoup \u00e0 faire dans une telle ferme pour une femme seule (petite pens\u00e9e au ranch flessellois \ud83d\ude0a).<\/span><\/p>\n<p style=\"text-align: justify;\"><span style=\"font-size: 10pt;\"><a href=\"https:\/\/toutdroit.voyage\/wp-content\/uploads\/2024\/09\/IMG_1572.jpg\"><img loading=\"lazy\" decoding=\"async\" class=\" wp-image-372 alignleft\" src=\"https:\/\/toutdroit.voyage\/wp-content\/uploads\/2024\/09\/IMG_1572-169x300.jpg\" alt=\"\" width=\"119\" height=\"211\" srcset=\"https:\/\/toutdroit.voyage\/wp-content\/uploads\/2024\/09\/IMG_1572-169x300.jpg 169w, https:\/\/toutdroit.voyage\/wp-content\/uploads\/2024\/09\/IMG_1572.jpg 180w\" sizes=\"auto, (max-width: 119px) 100vw, 119px\" \/><\/a><a href=\"https:\/\/toutdroit.voyage\/wp-content\/uploads\/2024\/09\/IMG_1554-rotated.jpg\"><img loading=\"lazy\" decoding=\"async\" class=\" wp-image-371 alignleft\" src=\"https:\/\/toutdroit.voyage\/wp-content\/uploads\/2024\/09\/IMG_1554-225x300.jpg\" alt=\"\" width=\"159\" height=\"212\" srcset=\"https:\/\/toutdroit.voyage\/wp-content\/uploads\/2024\/09\/IMG_1554-225x300.jpg 225w, https:\/\/toutdroit.voyage\/wp-content\/uploads\/2024\/09\/IMG_1554-rotated.jpg 240w\" sizes=\"auto, (max-width: 159px) 100vw, 159px\" \/><\/a>Apr\u00e8s avoir fait le tour du mat\u00e9riel et avoir rev\u00eatu la parfaite tenue du fermier contemporain, nous commen\u00e7ons \u00e0 travailler pour cr\u00e9er la zone de permaculture en y entassant du bois puis du fertilisant (joli mot pour d\u00e9signer les fientes d\u2019oiseaux) et enfin de l\u2019herbe s\u00e8che. Ensuite, avec le tracteur, Inger Toril apporte des gros sacs de fertilisant que nous d\u00e9chargeons \u00e0 la pelle dans sa grange. Nino est \u00e0 fond ! Il nous aide dans toutes les t\u00e2ches sans jamais rechigner. En m\u00eame temps, sa r\u00e9solution de l\u2019ann\u00e9e \u00e9tant de prendre de la masse et n\u2019ayant pas de salle de sport \u00e0 proximit\u00e9, il faut bien qu\u2019il trouve un moyen de se muscler !<\/span><\/p>\n<p style=\"text-align: justify;\"><span style=\"font-size: 10pt;\">Apr\u00e8s 4 heures de travail, nous rentrons \u00e0 la maison retrouver les deux jeunes bien studieux (bizarre cela cacherait-il quelque chose\u00a0? Ah ben non. Ils travaillent pour de vrai).<\/span><\/p>\n<p style=\"text-align: justify;\"><span style=\"font-size: 10pt;\"><a href=\"https:\/\/toutdroit.voyage\/wp-content\/uploads\/2024\/09\/IMG_20240911_151710_resized_20240917_030320753.jpg\"><img loading=\"lazy\" decoding=\"async\" class=\"wp-image-395 alignright\" src=\"https:\/\/toutdroit.voyage\/wp-content\/uploads\/2024\/09\/IMG_20240911_151710_resized_20240917_030320753-300x225.jpg\" alt=\"\" width=\"224\" height=\"168\" srcset=\"https:\/\/toutdroit.voyage\/wp-content\/uploads\/2024\/09\/IMG_20240911_151710_resized_20240917_030320753-300x225.jpg 300w, https:\/\/toutdroit.voyage\/wp-content\/uploads\/2024\/09\/IMG_20240911_151710_resized_20240917_030320753-768x576.jpg 768w, https:\/\/toutdroit.voyage\/wp-content\/uploads\/2024\/09\/IMG_20240911_151710_resized_20240917_030320753.jpg 816w\" sizes=\"auto, (max-width: 224px) 100vw, 224px\" \/><\/a>Nous sommes invit\u00e9s pour le d\u00e9jeuner par K\u00e5re \u00e0 l\u2019unique restaurant (disons plut\u00f4t la cantine) du petit patelin situ\u00e9 \u00e0 5 km de l\u00e0 \u00e0 Bruflat. Nous prenons un maxi taxi \u00e0 13h30 et avons droit \u00e0 une\u00a0 visite guid\u00e9e par notre h\u00f4te qui nous explique l\u2019organisation de leur village, l\u2019histoire de l\u2019\u00e9glise et de la construction des b\u00e2timents, la salle communale financ\u00e9e par les donations des habitants&#8230; Le d\u00eener est pr\u00e9vu \u00e0 14h30. Notre rythme commence doucement \u00e0 se d\u00e9caler. C\u2019est du ragout d\u2019\u00e9lan, comme chez Aina. On se r\u00e9gale. Le dessert est succulent : un g\u00e2teau chocolat-cannelle digne des excellents desserts de ma petite belle-s\u0153ur.<\/span><\/p>\n<p style=\"text-align: justify;\"><span style=\"font-size: 10pt;\">Nous remontons \u00e0 la maison vers 16h30 et refaisons un peu de CNED puis un jeu avec K\u00e5re\u00a0: il s\u2019agit cette fois du petit train mexicain. Nous n\u2019avons pas pu l\u2019emporter avec nous car le jeu est beaucoup trop lourd pour nos sacs mais Inger toril en a un. \u00c7a tombe bien\u00a0!<\/span><\/p>\n<p style=\"text-align: justify;\"><span style=\"font-size: 10pt;\"><strong><em><a href=\"https:\/\/toutdroit.voyage\/wp-content\/uploads\/2024\/09\/IMG_20240910_150254_resized_20240917_030321214-e1726578433239.jpg\"><img loading=\"lazy\" decoding=\"async\" class=\" wp-image-393 alignleft\" src=\"https:\/\/toutdroit.voyage\/wp-content\/uploads\/2024\/09\/IMG_20240910_150254_resized_20240917_030321214-e1726578433239-225x300.jpg\" alt=\"\" width=\"92\" height=\"123\" srcset=\"https:\/\/toutdroit.voyage\/wp-content\/uploads\/2024\/09\/IMG_20240910_150254_resized_20240917_030321214-e1726578433239-225x300.jpg 225w, https:\/\/toutdroit.voyage\/wp-content\/uploads\/2024\/09\/IMG_20240910_150254_resized_20240917_030321214-e1726578433239.jpg 410w\" sizes=\"auto, (max-width: 92px) 100vw, 92px\" \/><\/a>Love info<\/em><\/strong>: c\u2019est aujourd\u2019hui l\u2019anniversaire de nos 20 ans de mariage\u00a0! C\u2019est pas dingue \u00e7a\u00a0?!! Et pour f\u00eater \u00e7a, Simon passe 2h30 \u00e0 faire cuire des cr\u00eapes car nous avons pr\u00e9vu de pr\u00e9parer le d\u00eener pour nos h\u00f4tes le lendemain. Au menu\u00a0: ficelle picarde. Trop romantique\u00a0!\u00a0\ud83d\ude0a<\/span><\/p>\n<p style=\"text-align: justify;\">\u00a0<\/p>\n<p style=\"text-align: justify;\"><span style=\"font-size: 10pt;\"><strong>Jeudi 12 septembre 2024<\/strong><\/span><\/p>\n<p style=\"text-align: justify;\"><span style=\"font-size: 10pt;\">Breiedal \/ Soleil \/ 12\u00b0<\/span><\/p>\n<p style=\"text-align: justify;\"><span style=\"font-size: 10pt;\">Hop ! Hop ! Hop ! On ne perd pas de temps. A 9h tapantes, nous sommes pr\u00eats \u00e0 d\u00e9marrer notre travail. Aujourd\u2019hui c\u2019est nettoyage de la grange. Nous enfilons nos combinaisons et nos bottes et c\u2019est parti pour l\u2019huile de coude car le karcher est HS.<\/span><span style=\"font-size: 10pt;\">\u00a0Nous sommes plut\u00f4t satisfaits de notre boulot.<\/span><\/p>\n<p style=\"text-align: justify;\"><span style=\"font-size: 10pt;\">Apr\u00e8s une bonne douche, nous pr\u00e9parons les ficelles picardes et mettons la table. Aujourd\u2019hui, nous prendrons le d\u00eener \u00e0 17h. Le repas est chouette. Tandis que Eiril entame une partie de S\u00e9quence avec Adam, Nino et son grand-p\u00e8re, Simon et moi allons montrer notre travail \u00e0 Inger Toril. Elle est ravie. Habituellement, elle r\u00e9alise cette t\u00e2che seule et met, de ce fait, beaucoup plus de temps. Ce moment est pr\u00e9cieux pour nous car nous sommes en train de r\u00e9aliser ce pour quoi nous avons quitt\u00e9 notre maison et nos proches\u00a0: aider et partager.<\/span><\/p>\n<p style=\"text-align: justify;\"><span style=\"font-size: 10pt;\">Soir\u00e9e tranquillou tous les 5 dans notre lit devant \u00ab\u00a0Les 3 fr\u00e8res\u00a0\u00bb. Ouaich, bof, le film a mal vieilli et la prestation des Inconnus pas dingue. On va peut-\u00eatre tenter de regarder des films norv\u00e9giens d\u00e9sormais.<\/span><\/p>\n<p style=\"text-align: justify;\"><span style=\"font-size: 10pt;\"><strong>Vendredi 13 septembre 2024<\/strong><\/span><\/p>\n<p style=\"text-align: justify;\"><span style=\"font-size: 10pt;\">Breie \/ Soleil \/ 12\u00b0<\/span><\/p>\n<p style=\"text-align: justify;\"><span style=\"font-size: 10pt;\">Ce matin, l\u2019herbe a gel\u00e9. Le givre sur les feuilles me procure une sensation d\u2019apaisement et de douceur. Je souris seule devant la fen\u00eatre\u2026<\/span><\/p>\n<p style=\"text-align: justify;\"><span style=\"font-size: 10pt;\">Nous r\u00e9veillons les enfants \u00e0 8h, comme tous les jours. Ils ne se plaignent pas d\u2019avoir \u00e0 se lever alors que rien ne les y oblige. Ils nous rejoignent tranquillement pour le petit d\u00e9jeuner. Ils ont l\u2019air heureux d\u2019\u00eatre l\u00e0. Le matin, nous chuchotons pour ne pas d\u00e9ranger K\u00e5re qui se repose encore . Il doit avoir dans les 80 ans, un peu plus peut-\u00eatre. Nous devons donc \u00eatre vigilants \u00e0 ne pas trop bousculer sa routine.<\/span><\/p>\n<p style=\"text-align: justify;\"><span style=\"font-size: 10pt;\">Le programme de la journ\u00e9e est pos\u00e9\u00a0: CNED pour les d\u2019jeun\u2019s, deuxi\u00e8me s\u00e9quence du nettoyage de la grande pour Nino et Simon, r\u00e9colte de miel pour moi avec Inger Toril et sa s\u0153ur Gul Christine. Je suis ravie de pouvoir vivre une r\u00e9colte de miel en Norv\u00e8ge (faute d\u2019avoir pu trouver le temps \u00e0 Creuse\u00a0\ud83d\ude0a).<\/span><\/p>\n<p style=\"text-align: justify;\"><span style=\"font-size: 10pt;\">Une fois dans la voiture, en discutant avec les deux s\u0153urs, je m\u2019aper\u00e7ois que je n\u2019ai absolument rien compris\u00a0! Il ne s\u2019agit pas du tout de r\u00e9colter du miel mais d\u2019aller acheter du mat\u00e9riel pour un projet futur d\u2019installation de ruches dans la propri\u00e9t\u00e9. D\u00e9ception\u00a0! Il va falloir que je bosse encore un peu mon anglais.<\/span><\/p>\n<p style=\"text-align: justify;\"><span style=\"font-size: 10pt;\">Le trajet est tr\u00e8s sympa et les discussions avec mes co-voitureuses vont bon train. Nous progressons en direction d\u2019une ferme compl\u00e8tement perdue au milieu de la for\u00eat norv\u00e9gienne. Une fois arriv\u00e9es, nous faisons connaissance avec l\u2019apiculteur et sa femme et l\u00e0, pendant une bonne heure, je suis baign\u00e9e dans le norv\u00e9gien. Wapoupou\u00a0! Incompr\u00e9hensible\u00a0! Je souris quand les autres sourient, je prends un air grave quand la conversation devient plus s\u00e9rieuse et, de temps \u00e0 autre, je me perds dans mes pens\u00e9es en \u00e9coutant la musique \u00e9trange de la langue norv\u00e9gienne. Nous finissons par emporter le mat\u00e9riel d\u00e9sir\u00e9 et c\u2019est reparti dans l\u2019autre sens. Bon, dr\u00f4le de matin\u00e9e. J\u2019ai carr\u00e9ment abandonn\u00e9 mes hommes \u00e0 leur dur labeur pour faire une balade en voiture. D\u2019aucun pourrait penser que j\u2019ai \u00ab\u00a0tir\u00e9 au flan\u00a0\u00bb mais je pr\u00e9f\u00e8re dire que j\u2019ai \u00ab\u00a0travaill\u00e9 mon agilit\u00e9 sociale\u00a0et linguistique\u00bb.<\/span><\/p>\n<p style=\"text-align: justify;\"><span style=\"font-size: 10pt;\">Retour \u00e0 Breie. Petite collation rapide. Pr\u00e9paration de deux g\u00e2teaux pour l\u2019anniversaire de Eiril qui nous a invit\u00e9 \u00e0 rejoindre ses copains de classe. Je r\u00e9alise en vitesse un petit cadeau en origami, d\u00e9marre la p\u00e2te pour une premi\u00e8re tentative de pain homemade. Et hop, direction la petite maison en haut de la colline.<\/span><\/p>\n<p style=\"text-align: justify;\"><span style=\"font-size: 10pt;\">L\u2019anniversaire d\u2019Eiril est tout a fait semblable aux anniversaires fran\u00e7ais : joyeux, speed et bruyant. Nous sommes heureux de pouvoir partager \u00e7a avec nos h\u00f4tes. Il est 16h. On passe \u00e0 table pour une belle assiette de saucisse \u2013 pur\u00e9e &#8211; haricots rouges. Miam ! On commence \u00e0 s\u2019habituer au rythme des repas.<\/span><\/p>\n<p style=\"text-align: justify;\"><span style=\"font-size: 10pt;\">Nino parvient \u00e0 discuter avec tout le monde et m\u00eame \u00e0 faire des blagues en anglais. Allez, je ne peux pas m\u2019emp\u00eacher d\u2019en livrer une\u00a0: on est en train de parler de vin et des zones de viticulture en Norv\u00e8ge et Nino dit \u00ab\u00a0Why not\u00a0? \u2013 Wine not\u00a0?\u00a0\u00bb. Pas mal pour une premi\u00e8re.<\/span><\/p>\n<p style=\"text-align: justify;\"><span style=\"font-size: 10pt;\">Samuel est ravi car nos h\u00f4tes ont un ballon de basket et un panier. Il va enfin pouvoir assouvir ses d\u00e9sirs de dribble et de dunk. Ouf\u00a0! Il commen\u00e7ait \u00e0 sauter partout dans la maison, cela devenait g\u00eanant.<\/span><\/p>\n<p style=\"text-align: justify;\"><span style=\"font-size: 10pt;\">Retour \u00e0 la maison vers 19h pour soir\u00e9e tranquillou. La seconde s\u0153ur de Inger Toril, Syn Karen, apporte son chat, Lili, \u00e0 son papa pour la semaine. Chouette ! Grande pens\u00e9e \u00e0 notre Sherlock qui nous manque.<\/span><\/p>\n<p style=\"text-align: justify;\"><span style=\"font-size: 10pt;\"><strong>Samedi 14 septembre 2024<\/strong><\/span><\/p>\n<p style=\"text-align: justify;\"><span style=\"font-size: 10pt;\">Breiedal \/ Soleil \/ 14\u00b0<\/span><\/p>\n<p style=\"text-align: justify;\"><span style=\"font-size: 10pt;\">CNED le matin pour Adam et Samuel, encadr\u00e9s par Lolotte, et travail dans la grange pour Simon et Nino.<\/span><\/p>\n<p style=\"text-align: justify;\"><span style=\"font-size: 10pt;\">Grosse prise de t\u00eate sur la le\u00e7on de fran\u00e7ais de Sam. On part direct sur le subjonctif\u00a0!!! Wahou\u00a0! Le pauvre n\u2019y comprend rien et moi j\u2019ai bien du mal \u00e0 l\u2019aider. J\u2019essaie de retrouver autant que possible mes souvenirs d\u2019il y a \u2026 30 ans\u00a0(mazette, \u00e7a fait loin\u00a0!) mais tout est vague et confus. Nous demandons des r\u00e9ponses \u00e0 Google mais c\u2019est pas foufou. Adam a piti\u00e9 de nous et tente, lui aussi, de nous aider mais en vain. Au bout d\u2019une heure de gal\u00e8re, je d\u00e9cide de jouer mon joker \u00ab\u00a0appel \u00e0 une amie\u00a0\u00bb. Notre prof de fran\u00e7ais pr\u00e9f\u00e9r\u00e9e me r\u00e9pond aussit\u00f4t et s\u2019interroge \u00e9galement sur la pertinence p\u00e9dagogique de d\u00e9marrer par une notion aussi complexe. Elle nous enverra bient\u00f4t des cartes mentales pour qu\u2019on puisse revoir toutes les conjugaisons depuis le d\u00e9but, histoire de repartir sur de bonnes bases.<\/span><\/p>\n<p style=\"text-align: justify;\"><span style=\"font-size: 10pt;\">Pour le moment, nos avis sur le CNED sont plut\u00f4t tr\u00e8s mitig\u00e9s mais donnons \u00e0 CNED une chance de faire ses preuves dans le temps. J\u2019aurai probablement le loisir d\u2019ici quelques semaines de faire un article beaucoup plus complet sur ce sujet.<\/span><\/p>\n<p style=\"text-align: justify;\"><span style=\"font-size: 10pt;\">Apr\u00e8s notre collation m\u00e9ridienne, nous empruntons la voiture de notre h\u00f4te pour aller faire un tour dans un patelin un peu plus important\u00a0\u00e0 une vingtaine de kilom\u00e8tres\u00a0: Fagernes.<\/span><\/p>\n<p style=\"text-align: justify;\"><span style=\"font-size: 10pt;\">Une fois de plus, nous sommes surpris par l\u2019architecture du pays. Les b\u00e2timents ne d\u00e9passent jamais deux \u00e9tages laissant une vue bien d\u00e9gag\u00e9e sur le paysage alentour. <\/span><\/p>\n<p style=\"text-align: justify;\"><span style=\"font-size: 10pt;\"><a href=\"https:\/\/toutdroit.voyage\/wp-content\/uploads\/2024\/09\/IMG_1591.jpg\"><img loading=\"lazy\" decoding=\"async\" class=\" wp-image-373 alignleft\" src=\"https:\/\/toutdroit.voyage\/wp-content\/uploads\/2024\/09\/IMG_1591-225x300.jpg\" alt=\"\" width=\"125\" height=\"167\" srcset=\"https:\/\/toutdroit.voyage\/wp-content\/uploads\/2024\/09\/IMG_1591-225x300.jpg 225w, https:\/\/toutdroit.voyage\/wp-content\/uploads\/2024\/09\/IMG_1591.jpg 240w\" sizes=\"auto, (max-width: 125px) 100vw, 125px\" \/><\/a><a href=\"https:\/\/toutdroit.voyage\/wp-content\/uploads\/2024\/09\/IMG_20240914_125307_resized_20240917_075519864.jpg\"><img loading=\"lazy\" decoding=\"async\" class=\" wp-image-378 alignleft\" src=\"https:\/\/toutdroit.voyage\/wp-content\/uploads\/2024\/09\/IMG_20240914_125307_resized_20240917_075519864-300x225.jpg\" alt=\"\" width=\"221\" height=\"166\" srcset=\"https:\/\/toutdroit.voyage\/wp-content\/uploads\/2024\/09\/IMG_20240914_125307_resized_20240917_075519864-300x225.jpg 300w, https:\/\/toutdroit.voyage\/wp-content\/uploads\/2024\/09\/IMG_20240914_125307_resized_20240917_075519864-768x576.jpg 768w, https:\/\/toutdroit.voyage\/wp-content\/uploads\/2024\/09\/IMG_20240914_125307_resized_20240917_075519864.jpg 816w\" sizes=\"auto, (max-width: 221px) 100vw, 221px\" \/><\/a>Nous rejoignons un grand parc d\u2019activit\u00e9s situ\u00e9 en plein c\u0153ur du village et \u00e0 c\u00f4t\u00e9 d\u2019un tr\u00e8s joli lac. S\u00e9ance basket, padel, balade, lecture. Les enfants sont heureux de se d\u00e9penser.<\/span><\/p>\n<p style=\"text-align: justify;\"><span style=\"font-size: 10pt;\">Tandis que Adam et Simon partent\u00a0 grimper, je pars visiter le village avec Nino et Sam qui s&rsquo;amuse avec sa GoPro toute neuve. L&rsquo;environnement est tr\u00e8s mignon avec une petite \u00eele centrale tr\u00e8s sauvage. <\/span><\/p>\n<p style=\"text-align: justify;\"><span style=\"font-size: 10pt;\"><a href=\"https:\/\/toutdroit.voyage\/wp-content\/uploads\/2024\/09\/IMG_20240914_143220_resized_20240917_075519108.jpg\"><img loading=\"lazy\" decoding=\"async\" class=\"wp-image-381 alignright\" src=\"https:\/\/toutdroit.voyage\/wp-content\/uploads\/2024\/09\/IMG_20240914_143220_resized_20240917_075519108-225x300.jpg\" alt=\"\" width=\"131\" height=\"175\" srcset=\"https:\/\/toutdroit.voyage\/wp-content\/uploads\/2024\/09\/IMG_20240914_143220_resized_20240917_075519108-225x300.jpg 225w, https:\/\/toutdroit.voyage\/wp-content\/uploads\/2024\/09\/IMG_20240914_143220_resized_20240917_075519108.jpg 750w\" sizes=\"auto, (max-width: 131px) 100vw, 131px\" \/><\/a><a href=\"https:\/\/toutdroit.voyage\/wp-content\/uploads\/2024\/09\/IMG_20240914_140505_resized_20240917_075519406.jpg\"><img loading=\"lazy\" decoding=\"async\" class=\"wp-image-380 alignright\" src=\"https:\/\/toutdroit.voyage\/wp-content\/uploads\/2024\/09\/IMG_20240914_140505_resized_20240917_075519406-225x300.jpg\" alt=\"\" width=\"135\" height=\"180\" srcset=\"https:\/\/toutdroit.voyage\/wp-content\/uploads\/2024\/09\/IMG_20240914_140505_resized_20240917_075519406-225x300.jpg 225w, https:\/\/toutdroit.voyage\/wp-content\/uploads\/2024\/09\/IMG_20240914_140505_resized_20240917_075519406.jpg 750w\" sizes=\"auto, (max-width: 135px) 100vw, 135px\" \/><\/a>Apr\u00e8s une petite pause go\u00fbter et en attendant les grimpeurs, nous revenons au parc o\u00f9 Samuel part jouer seul au basket. Je d\u00e9cide d\u2019aborder une famille de Norv\u00e9giens pour proposer aux deux enfants d\u2019environ 8-9 ans de jouer avec lui. Bon, au d\u00e9but c\u2019est un peu compliqu\u00e9 puis la sauce prend et Samuel finit par beaucoup d\u2019amuser avec le jeune gar\u00e7on.<\/span><\/p>\n<p style=\"text-align: justify;\"><span style=\"font-size: 10pt;\">Retour \u00e0 Breie vers 17h. On retrouve nos h\u00f4tes chez eux vers 18h pour une soir\u00e9e tacos. Les enfants sont ravis\u00a0! Inger Toril est entour\u00e9e de ses deux s\u0153urs et de leur famille. Nous passons une superbe soir\u00e9e tr\u00e8s amicale avec de nombreuses discussions dans tous les sens. Les gar\u00e7ons se bourrent de tacos et nous rentrons vite nous coucher.<\/span><\/p>\n<p style=\"text-align: justify;\">\u00a0<\/p>\n<p style=\"text-align: justify;\"><span style=\"font-size: 10pt;\"><strong>Dimanche 15 septembre 2024<\/strong><\/span><\/p>\n<p style=\"text-align: justify;\"><span style=\"font-size: 10pt;\">Breiedal \/ Soleil voil\u00e9 \/ 17\u00b0<\/span><\/p>\n<p style=\"text-align: justify;\"><span style=\"font-size: 10pt;\"><a href=\"https:\/\/toutdroit.voyage\/wp-content\/uploads\/2024\/09\/IMG-20240915-WA0005.jpg\"><img loading=\"lazy\" decoding=\"async\" class=\" wp-image-387 alignleft\" src=\"https:\/\/toutdroit.voyage\/wp-content\/uploads\/2024\/09\/IMG-20240915-WA0005-225x300.jpg\" alt=\"\" width=\"165\" height=\"220\" srcset=\"https:\/\/toutdroit.voyage\/wp-content\/uploads\/2024\/09\/IMG-20240915-WA0005-225x300.jpg 225w, https:\/\/toutdroit.voyage\/wp-content\/uploads\/2024\/09\/IMG-20240915-WA0005-768x1024.jpg 768w, https:\/\/toutdroit.voyage\/wp-content\/uploads\/2024\/09\/IMG-20240915-WA0005-1152x1536.jpg 1152w, https:\/\/toutdroit.voyage\/wp-content\/uploads\/2024\/09\/IMG-20240915-WA0005.jpg 1200w\" sizes=\"auto, (max-width: 165px) 100vw, 165px\" \/><\/a>Grasse matin\u00e9e pour les gar\u00e7ons aujourd&rsquo;hui. Pas de CNED le dimanche. <\/span><\/p>\n<p style=\"text-align: justify;\"><span style=\"font-size: 10pt;\">R\u00e9veil matinal pour moi car je pars rejoindre Inger Toril et Gul Christine. Cette fois, c\u2019est la bonne, je vais aller voir les ruches. Une fois les combinaisons rev\u00eatues, nous allons v\u00e9rifier si les deux ruches vont bien, si la reine est toujours l\u00e0, si des larves ont \u00e9t\u00e9 pondues, si les abeilles sont en forme. Bref, petit check pour s\u2019assurer que tout va bien et leur donner du sirop sucr\u00e9 afin qu&rsquo;elles puissent se nourrir et survivre \u00e0 l&rsquo;hiver car oui, en Norv\u00e8ge en septembre, \u00ab\u00a0<em>Winter is coming<\/em>\u00ab\u00a0. Nous r\u00e9cup\u00e9rons \u00e9galement quelques cadres pleins d\u2019alv\u00e9oles remplies de miel. C\u2019est une superbe exp\u00e9rience. Les deux s\u0153urs sont tr\u00e8s complices dans leur passion. Elles prennent leur temps pour observer les ruches et prot\u00e9ger les abeilles.<\/span><\/p>\n<p style=\"text-align: justify;\"><span style=\"font-size: 10pt;\">Pour \u00eatre tout \u00e0 fait honn\u00eate, je ne fais pas la fi\u00e8re en plein milieu de l&rsquo;essaim. Le sonore \u00ab\u00a0<strong>bzzzzzzz<\/strong>\u00a0\u00bb des centaines d&rsquo;abeilles autour de moi me rappelle quelques soir\u00e9es adolescentes o\u00f9, avec ma copine C\u00e9line, nous regardions des films d&rsquo;horreur blotties l&rsquo;une contre l&rsquo;autre. Je garde en m\u00e9moire des images terrifiantes du long m\u00e9trage\u00a0 \u00ab\u00a0L\u2019invasion des abeilles tueuses \u00a0\u00bb qui m&rsquo;avait valu \u00e0 l&rsquo;\u00e9poque quelques nuits blanches.<\/span><\/p>\n<p style=\"text-align: justify;\"><span style=\"font-size: 10pt;\"><a href=\"https:\/\/toutdroit.voyage\/wp-content\/uploads\/2024\/09\/IMG_20240915_125215_resized_20240917_075341812.jpg\"><img loading=\"lazy\" decoding=\"async\" class=\" wp-image-382 alignleft\" src=\"https:\/\/toutdroit.voyage\/wp-content\/uploads\/2024\/09\/IMG_20240915_125215_resized_20240917_075341812-300x225.jpg\" alt=\"\" width=\"227\" height=\"170\" srcset=\"https:\/\/toutdroit.voyage\/wp-content\/uploads\/2024\/09\/IMG_20240915_125215_resized_20240917_075341812-300x225.jpg 300w, https:\/\/toutdroit.voyage\/wp-content\/uploads\/2024\/09\/IMG_20240915_125215_resized_20240917_075341812-768x576.jpg 768w, https:\/\/toutdroit.voyage\/wp-content\/uploads\/2024\/09\/IMG_20240915_125215_resized_20240917_075341812.jpg 816w\" sizes=\"auto, (max-width: 227px) 100vw, 227px\" \/><\/a><a href=\"https:\/\/toutdroit.voyage\/wp-content\/uploads\/2024\/09\/IMG_20240915_134249_resized_20240917_075341183.jpg\"><img loading=\"lazy\" decoding=\"async\" class=\" wp-image-384 alignleft\" src=\"https:\/\/toutdroit.voyage\/wp-content\/uploads\/2024\/09\/IMG_20240915_134249_resized_20240917_075341183-225x300.jpg\" alt=\"\" width=\"128\" height=\"171\" srcset=\"https:\/\/toutdroit.voyage\/wp-content\/uploads\/2024\/09\/IMG_20240915_134249_resized_20240917_075341183-225x300.jpg 225w, https:\/\/toutdroit.voyage\/wp-content\/uploads\/2024\/09\/IMG_20240915_134249_resized_20240917_075341183.jpg 750w\" sizes=\"auto, (max-width: 128px) 100vw, 128px\" \/><\/a>Dans l\u2019apr\u00e8s-midi, nous allons faire une promenade jusqu\u2019\u00e0 leur cabine au bord d\u2019un lac. Nous sommes sous le charme du lieu. Nous allumons un feu de camp (nous avons de la chance, aujourd\u2019hui est le premier jour de la saison hivernale o\u00f9 les feux sont autoris\u00e9s) et mangeons nos sandwichs autour de l\u2019\u00e2tre. Puis nous allons faire un tour sur le lac avec leur cano\u00e9 qu\u2019ils nous pr\u00eatent. L\u2019environnement est paisible. Il n\u2019y a pas \u00e2me qui vive autour de nous et une apaisante tranquillit\u00e9 nous enveloppe.<\/span><\/p>\n<p style=\"text-align: justify;\"><span style=\"font-size: 10pt;\">Nous restons 3 heures dans ce petit paradis avant de reprendre le chemin de la maison pour une soir\u00e9e peinarde. Il s\u2019agit de bien dormir car demain nous reprenons le chemin du travail.<\/span><\/p>\n<p><a href=\"https:\/\/toutdroit.voyage\/wp-content\/uploads\/2024\/09\/IMG_20240915_145519_edit_15155004687790_resized_20240917_075341024.jpg\"><img loading=\"lazy\" decoding=\"async\" class=\"size-medium wp-image-385 aligncenter\" src=\"https:\/\/toutdroit.voyage\/wp-content\/uploads\/2024\/09\/IMG_20240915_145519_edit_15155004687790_resized_20240917_075341024-300x234.jpg\" alt=\"\" width=\"300\" height=\"234\" srcset=\"https:\/\/toutdroit.voyage\/wp-content\/uploads\/2024\/09\/IMG_20240915_145519_edit_15155004687790_resized_20240917_075341024-300x234.jpg 300w, https:\/\/toutdroit.voyage\/wp-content\/uploads\/2024\/09\/IMG_20240915_145519_edit_15155004687790_resized_20240917_075341024.jpg 612w\" sizes=\"auto, (max-width: 300px) 100vw, 300px\" \/><\/a><\/p>\n<p>\u00a0<\/p>\n\n\n","protected":false},"excerpt":{"rendered":"<p>Lundi 9 septembre 2024 Breiedal \/ Pluie, pluie, pluie \/ 18\u00b0 R\u00e9veil ce matin en pleine forme. Nos chambres sont parfaites. Simon et moi avons un lit big big size avec couettes \u00e0 part. Je vais enfin pouvoir dormir sans&hellip; <\/p>\n","protected":false},"author":2,"featured_media":0,"comment_status":"open","ping_status":"open","sticky":false,"template":"","format":"standard","meta":{"footnotes":""},"categories":[9],"tags":[],"class_list":["post-368","post","type-post","status-publish","format-standard","hentry","category-sept-24-norvege"],"_links":{"self":[{"href":"https:\/\/toutdroit.voyage\/index.php\/wp-json\/wp\/v2\/posts\/368","targetHints":{"allow":["GET"]}}],"collection":[{"href":"https:\/\/toutdroit.voyage\/index.php\/wp-json\/wp\/v2\/posts"}],"about":[{"href":"https:\/\/toutdroit.voyage\/index.php\/wp-json\/wp\/v2\/types\/post"}],"author":[{"embeddable":true,"href":"https:\/\/toutdroit.voyage\/index.php\/wp-json\/wp\/v2\/users\/2"}],"replies":[{"embeddable":true,"href":"https:\/\/toutdroit.voyage\/index.php\/wp-json\/wp\/v2\/comments?post=368"}],"version-history":[{"count":12,"href":"https:\/\/toutdroit.voyage\/index.php\/wp-json\/wp\/v2\/posts\/368\/revisions"}],"predecessor-version":[{"id":477,"href":"https:\/\/toutdroit.voyage\/index.php\/wp-json\/wp\/v2\/posts\/368\/revisions\/477"}],"wp:attachment":[{"href":"https:\/\/toutdroit.voyage\/index.php\/wp-json\/wp\/v2\/media?parent=368"}],"wp:term":[{"taxonomy":"category","embeddable":true,"href":"https:\/\/toutdroit.voyage\/index.php\/wp-json\/wp\/v2\/categories?post=368"},{"taxonomy":"post_tag","embeddable":true,"href":"https:\/\/toutdroit.voyage\/index.php\/wp-json\/wp\/v2\/tags?post=368"}],"curies":[{"name":"wp","href":"https:\/\/api.w.org\/{rel}","templated":true}]}}