{"id":2555,"date":"2025-04-18T22:30:25","date_gmt":"2025-04-18T20:30:25","guid":{"rendered":"https:\/\/toutdroit.voyage\/?p=2555"},"modified":"2025-04-18T22:30:26","modified_gmt":"2025-04-18T20:30:26","slug":"degustation-des-yeux-et-des-papilles","status":"publish","type":"post","link":"https:\/\/toutdroit.voyage\/index.php\/2025\/04\/18\/degustation-des-yeux-et-des-papilles\/","title":{"rendered":"D\u00e9gustation des yeux et des papilles"},"content":{"rendered":"\n<p style=\"text-align: justify;\">\u00a0<\/p>\n<p style=\"text-align: justify;\"><strong><span style=\"font-size: 10pt;\">Lundi 31 mars 2025<\/span><\/strong><\/p>\n<p style=\"text-align: justify;\"><span style=\"font-size: 10pt;\">Salta &#8211; Jujuy \/ pluie soleil \/ 18\u00b0<\/span><\/p>\n<p style=\"text-align: justify;\"><span style=\"font-size: 10pt;\">Nouvelle journ\u00e9e de visite en minibus et petit groupe donc on ne change pas une \u00e9quipe qui gagne.\u00a0<\/span><\/p>\n<p style=\"text-align: justify;\"><span style=\"font-size: 10pt;\">R\u00e9veil \u00e0 6h, petit d\u00e9jeuner et sandwichs by Simon.\u00a0<\/span><\/p>\n<p style=\"text-align: justify;\"><span style=\"font-size: 10pt;\">7h on est en bas \u00e0 attendre le minibus. Le voil\u00e0 qui arrive, l&rsquo;ambiance est calme \u00e0 l&rsquo;int\u00e9rieur, ce n&rsquo;est pas l&rsquo;exub\u00e9rant Fabio mais C\u00e9sar qui va nous guider. On retrouve Anne aussi. La sortie de Salta est longue, il faut dire que c&rsquo;est l&rsquo;heure de pointe et que nous sommes lundi. Nous allons dans la r\u00e9gion de Jujuy (prononc\u00e9 Coucouille) mais pour l&rsquo;atteindre il y a pr\u00e8s de 4h et nous allons traverser une r\u00e9gion toujours pluvieuse, derri\u00e8re c&rsquo;est toujours grand beau d&rsquo;apr\u00e8s C\u00e9sar. On y croit fort car nous sommes partis sans habit de pluie.<\/span><\/p>\n<p style=\"text-align: justify;\"><a href=\"https:\/\/toutdroit.voyage\/wp-content\/uploads\/2025\/04\/IMG_20250331_105709_12_11zon-scaled.jpg\"><img loading=\"lazy\" decoding=\"async\" class=\"alignnone size-medium wp-image-2603\" src=\"https:\/\/toutdroit.voyage\/wp-content\/uploads\/2025\/04\/IMG_20250331_105709_12_11zon-300x225.jpg\" alt=\"\" width=\"300\" height=\"225\" srcset=\"https:\/\/toutdroit.voyage\/wp-content\/uploads\/2025\/04\/IMG_20250331_105709_12_11zon-300x225.jpg 300w, https:\/\/toutdroit.voyage\/wp-content\/uploads\/2025\/04\/IMG_20250331_105709_12_11zon-1024x768.jpg 1024w, https:\/\/toutdroit.voyage\/wp-content\/uploads\/2025\/04\/IMG_20250331_105709_12_11zon-768x576.jpg 768w, https:\/\/toutdroit.voyage\/wp-content\/uploads\/2025\/04\/IMG_20250331_105709_12_11zon-1536x1152.jpg 1536w, https:\/\/toutdroit.voyage\/wp-content\/uploads\/2025\/04\/IMG_20250331_105709_12_11zon-2048x1536.jpg 2048w\" sizes=\"auto, (max-width: 300px) 100vw, 300px\" \/><\/a><\/p>\n<p style=\"text-align: justify;\"><span style=\"font-size: 10pt;\">Pas grand chose \u00e0 voir les premi\u00e8res heures, il pleut \u00e0 verse et on ne voit pas plus loin que le bout de son nez. Enfin comme annonc\u00e9 le ciel se d\u00e9gage apr\u00e8s notre premier stop caf\u00e9\/pipi.\u00a0<\/span><\/p>\n<p style=\"text-align: justify;\"><span style=\"font-size: 10pt;\">Nous allons au nord de Salta et nous nous rapprochons de la Bolivie. Notre guide nous le confirme et nous parle plus des Andes et de la Bolivie que de l&rsquo;Argentine. Il nous parle de l&rsquo;importance des carnavals, lieu de rencontre entre les hommes et les femmes, o\u00f9 il \u00e9tait de coutume de chanter son d\u00e9sir, faire une belle s\u00e9r\u00e9nade et que les femmes y r\u00e9pondaient aussi en chanson. Et le voil\u00e0, le micro \u00e0 la main qui nous offre une de ces chansons. Bon malheureusement aucune femme ne s&rsquo;est lev\u00e9e pour r\u00e9pondre.<\/span><\/p>\n<p style=\"text-align: justify;\"><span style=\"font-size: 10pt;\">Il nous fait aussi un tutoriel sur comment consommer les feuilles de coca afin de mieux supporter l&rsquo;altitude. Nous allons passer \u00e0 4170m aujourd&rsquo;hui. C\u00e9sar nous raconte que son grand p\u00e8re n&rsquo;\u00e9tait pas tendre, un homme s\u00e9rieux et strict mais que le dimanche, et pendant les f\u00eates et le carnaval, il se d\u00e9tendait beaucoup sous l&rsquo;effet des feuilles de coca. Il jouait avec les enfants, caressait les chiens et avait des gestes de tendresse. Lui, C\u00e9sar nous raconte qu&rsquo;un lendemain de f\u00eate un peu trop arros\u00e9e \u00e0 la vodka, il s&rsquo;\u00e9tait retrouv\u00e9 dans un minibus comme aujourd&rsquo;hui mais avec un mal au cr\u00e2ne terrible. Le chauffeur lui avait alors donn\u00e9 des feuilles de coca et tr\u00e8s rapidement C\u00e9sar avait pu d\u00e9rouler sa journ\u00e9e de visite sans aucune difficult\u00e9. Le produit est bien vendu, on va tester.\u00a0<\/span><\/p>\n<p style=\"text-align: justify;\"><span style=\"font-size: 10pt;\">Avant de commencer l&rsquo;ascension en minibus, nous faisons un stop photo devant la vall\u00e9e aux 7 couleurs, tout est bien orchestr\u00e9 pour les touristes, les petites \u00e9choppes artisanales, un alpaga et des lamas, il y en a m\u00eame un avec des lunettes de soleil sur le bout de son museau.<\/span><\/p>\n<p style=\"text-align: justify;\"><a href=\"https:\/\/toutdroit.voyage\/wp-content\/uploads\/2025\/04\/IMG_20250331_105803_13_11zon-scaled.jpg\"><img loading=\"lazy\" decoding=\"async\" class=\"alignnone size-medium wp-image-2604\" src=\"https:\/\/toutdroit.voyage\/wp-content\/uploads\/2025\/04\/IMG_20250331_105803_13_11zon-300x225.jpg\" alt=\"\" width=\"300\" height=\"225\" srcset=\"https:\/\/toutdroit.voyage\/wp-content\/uploads\/2025\/04\/IMG_20250331_105803_13_11zon-300x225.jpg 300w, https:\/\/toutdroit.voyage\/wp-content\/uploads\/2025\/04\/IMG_20250331_105803_13_11zon-1024x768.jpg 1024w, https:\/\/toutdroit.voyage\/wp-content\/uploads\/2025\/04\/IMG_20250331_105803_13_11zon-768x576.jpg 768w, https:\/\/toutdroit.voyage\/wp-content\/uploads\/2025\/04\/IMG_20250331_105803_13_11zon-1536x1152.jpg 1536w, https:\/\/toutdroit.voyage\/wp-content\/uploads\/2025\/04\/IMG_20250331_105803_13_11zon-2048x1536.jpg 2048w\" sizes=\"auto, (max-width: 300px) 100vw, 300px\" \/><\/a> <a href=\"https:\/\/toutdroit.voyage\/wp-content\/uploads\/2025\/04\/IMG_20250331_110401_14_11zon-scaled.jpg\"><img loading=\"lazy\" decoding=\"async\" class=\"alignnone size-medium wp-image-2605\" src=\"https:\/\/toutdroit.voyage\/wp-content\/uploads\/2025\/04\/IMG_20250331_110401_14_11zon-300x225.jpg\" alt=\"\" width=\"300\" height=\"225\" srcset=\"https:\/\/toutdroit.voyage\/wp-content\/uploads\/2025\/04\/IMG_20250331_110401_14_11zon-300x225.jpg 300w, https:\/\/toutdroit.voyage\/wp-content\/uploads\/2025\/04\/IMG_20250331_110401_14_11zon-1024x768.jpg 1024w, https:\/\/toutdroit.voyage\/wp-content\/uploads\/2025\/04\/IMG_20250331_110401_14_11zon-768x576.jpg 768w, https:\/\/toutdroit.voyage\/wp-content\/uploads\/2025\/04\/IMG_20250331_110401_14_11zon-1536x1152.jpg 1536w, https:\/\/toutdroit.voyage\/wp-content\/uploads\/2025\/04\/IMG_20250331_110401_14_11zon-2048x1536.jpg 2048w\" sizes=\"auto, (max-width: 300px) 100vw, 300px\" \/><\/a><\/p>\n<p style=\"text-align: justify;\"><span style=\"font-size: 10pt;\">Tout le monde remonte dans le bus pour la longue mont\u00e9e, on se saisit des feuilles de coca et on chique mais de fa\u00e7on raisonnable en comparaison \u00e0 Fabio la veille. On n&rsquo;aper\u00e7oit qu&rsquo;un cycliste seulement. Quel courage. Nous atteignons facilement le point culminant de la journ\u00e9e, y a-t-il eu un effet coca? S\u00e9ance photos au sommet puis apr\u00e8s un virage dans la descente nous apercevons le Salinas Grandes. Une \u00e9tendue de sel, un lac de sel. C&rsquo;est magnifique, impressionnant. Charlotte en profite pour discuter avec El\u00e9a et Morgan, deux jeunes fran\u00e7ais en voyage en Am\u00e9rique du Sud, ils viennent de Besan\u00e7on. Nous \u00e9changeons sur les parcours, les bonnes adresses, les projets, la vie. C&rsquo;est quand m\u00eame tr\u00e8s sympa de croiser quelques compatriotes.<\/span><\/p>\n<p style=\"text-align: justify;\"><a href=\"https:\/\/toutdroit.voyage\/wp-content\/uploads\/2025\/04\/IMG_20250331_113343_15_11zon-scaled.jpg\"><img loading=\"lazy\" decoding=\"async\" class=\"size-medium wp-image-2606 alignnone\" src=\"https:\/\/toutdroit.voyage\/wp-content\/uploads\/2025\/04\/IMG_20250331_113343_15_11zon-300x225.jpg\" alt=\"\" width=\"300\" height=\"225\" srcset=\"https:\/\/toutdroit.voyage\/wp-content\/uploads\/2025\/04\/IMG_20250331_113343_15_11zon-300x225.jpg 300w, https:\/\/toutdroit.voyage\/wp-content\/uploads\/2025\/04\/IMG_20250331_113343_15_11zon-1024x768.jpg 1024w, https:\/\/toutdroit.voyage\/wp-content\/uploads\/2025\/04\/IMG_20250331_113343_15_11zon-768x576.jpg 768w, https:\/\/toutdroit.voyage\/wp-content\/uploads\/2025\/04\/IMG_20250331_113343_15_11zon-1536x1152.jpg 1536w, https:\/\/toutdroit.voyage\/wp-content\/uploads\/2025\/04\/IMG_20250331_113343_15_11zon-2048x1536.jpg 2048w\" sizes=\"auto, (max-width: 300px) 100vw, 300px\" \/> <\/a><a href=\"https:\/\/toutdroit.voyage\/wp-content\/uploads\/2025\/04\/IMG_20250331_121300_4_11zon-1-scaled.jpg\"><img loading=\"lazy\" decoding=\"async\" class=\"alignnone size-medium wp-image-2657\" src=\"https:\/\/toutdroit.voyage\/wp-content\/uploads\/2025\/04\/IMG_20250331_121300_4_11zon-1-225x300.jpg\" alt=\"\" width=\"225\" height=\"300\" srcset=\"https:\/\/toutdroit.voyage\/wp-content\/uploads\/2025\/04\/IMG_20250331_121300_4_11zon-1-225x300.jpg 225w, https:\/\/toutdroit.voyage\/wp-content\/uploads\/2025\/04\/IMG_20250331_121300_4_11zon-1-768x1024.jpg 768w, https:\/\/toutdroit.voyage\/wp-content\/uploads\/2025\/04\/IMG_20250331_121300_4_11zon-1-1152x1536.jpg 1152w, https:\/\/toutdroit.voyage\/wp-content\/uploads\/2025\/04\/IMG_20250331_121300_4_11zon-1-1536x2048.jpg 1536w, https:\/\/toutdroit.voyage\/wp-content\/uploads\/2025\/04\/IMG_20250331_121300_4_11zon-1-scaled.jpg 1920w\" sizes=\"auto, (max-width: 225px) 100vw, 225px\" \/><\/a><\/p>\n<p style=\"text-align: justify;\"><span style=\"font-size: 10pt;\">Nous arrivons enfin au Salinas, lunettes de soleil, casquette et cr\u00e8me solaire sont fortement recommand\u00e9s. En bon p\u00e8re de famille, je ne montre pas l&rsquo;exemple puisque j&rsquo;ai tout oubli\u00e9 ce matin. Pas bien. Ici aussi tout est bien organis\u00e9 pour les touristes une quinzaine de photographes sont l\u00e0 pour immortaliser avec nos appareils photos ou t\u00e9l\u00e9phone notre venue. Ils nous mettent en sc\u00e8ne avec accessoires et jeu de perspectives. On y passe un petit moment mais l&rsquo;heure de manger semble plus importante encore pour les gar\u00e7ons. \u00c0 l&rsquo;abri du soleil nous nous r\u00e9galons de notre pique-nique. 45 minutes de pause et nous sommes \u00e0 nouveau dans le minibus pour 1h30 et arriver au petit village de Purmamarca.<\/span><\/p>\n<p style=\"text-align: justify;\"><a href=\"https:\/\/toutdroit.voyage\/wp-content\/uploads\/2025\/04\/IMG_20250331_130609-scaled.jpg\"><img loading=\"lazy\" decoding=\"async\" class=\"alignnone size-medium wp-image-2639\" src=\"https:\/\/toutdroit.voyage\/wp-content\/uploads\/2025\/04\/IMG_20250331_130609-225x300.jpg\" alt=\"\" width=\"225\" height=\"300\" srcset=\"https:\/\/toutdroit.voyage\/wp-content\/uploads\/2025\/04\/IMG_20250331_130609-225x300.jpg 225w, https:\/\/toutdroit.voyage\/wp-content\/uploads\/2025\/04\/IMG_20250331_130609-768x1024.jpg 768w, https:\/\/toutdroit.voyage\/wp-content\/uploads\/2025\/04\/IMG_20250331_130609-1152x1536.jpg 1152w, https:\/\/toutdroit.voyage\/wp-content\/uploads\/2025\/04\/IMG_20250331_130609-1536x2048.jpg 1536w, https:\/\/toutdroit.voyage\/wp-content\/uploads\/2025\/04\/IMG_20250331_130609-scaled.jpg 1920w\" sizes=\"auto, (max-width: 225px) 100vw, 225px\" \/><\/a> <a href=\"https:\/\/toutdroit.voyage\/wp-content\/uploads\/2025\/04\/IMG_20250331_130434-scaled.jpg\"><img loading=\"lazy\" decoding=\"async\" class=\"alignnone size-medium wp-image-2638\" src=\"https:\/\/toutdroit.voyage\/wp-content\/uploads\/2025\/04\/IMG_20250331_130434-300x225.jpg\" alt=\"\" width=\"300\" height=\"225\" srcset=\"https:\/\/toutdroit.voyage\/wp-content\/uploads\/2025\/04\/IMG_20250331_130434-300x225.jpg 300w, https:\/\/toutdroit.voyage\/wp-content\/uploads\/2025\/04\/IMG_20250331_130434-1024x768.jpg 1024w, https:\/\/toutdroit.voyage\/wp-content\/uploads\/2025\/04\/IMG_20250331_130434-768x576.jpg 768w, https:\/\/toutdroit.voyage\/wp-content\/uploads\/2025\/04\/IMG_20250331_130434-1536x1152.jpg 1536w, https:\/\/toutdroit.voyage\/wp-content\/uploads\/2025\/04\/IMG_20250331_130434-2048x1536.jpg 2048w\" sizes=\"auto, (max-width: 300px) 100vw, 300px\" \/><\/a> <a href=\"https:\/\/toutdroit.voyage\/wp-content\/uploads\/2025\/04\/IMG_20250331_130411-scaled.jpg\"><img loading=\"lazy\" decoding=\"async\" class=\"alignnone size-medium wp-image-2635\" src=\"https:\/\/toutdroit.voyage\/wp-content\/uploads\/2025\/04\/IMG_20250331_130411-300x225.jpg\" alt=\"\" width=\"300\" height=\"225\" srcset=\"https:\/\/toutdroit.voyage\/wp-content\/uploads\/2025\/04\/IMG_20250331_130411-300x225.jpg 300w, https:\/\/toutdroit.voyage\/wp-content\/uploads\/2025\/04\/IMG_20250331_130411-1024x768.jpg 1024w, https:\/\/toutdroit.voyage\/wp-content\/uploads\/2025\/04\/IMG_20250331_130411-768x576.jpg 768w, https:\/\/toutdroit.voyage\/wp-content\/uploads\/2025\/04\/IMG_20250331_130411-1536x1152.jpg 1536w, https:\/\/toutdroit.voyage\/wp-content\/uploads\/2025\/04\/IMG_20250331_130411-2048x1536.jpg 2048w\" sizes=\"auto, (max-width: 300px) 100vw, 300px\" \/><\/a><\/p>\n<p style=\"text-align: justify;\"><span style=\"font-size: 10pt;\"> Nous faisons une pause de deux heures, un restaurant a \u00e9t\u00e9 r\u00e9serv\u00e9 pour celles et ceux qui le souhaitent. Ce sera sans nous, nous nous allons plut\u00f4t nous promener du c\u00f4t\u00e9 du Cerro Los Colorados. Le guide nous annonce 2 \u00e0 3 heures de randonn\u00e9e, cela semble compromis, tant pis nous ferons un aller retour pour \u00eatre a l&rsquo;heure au rendez-vous devant l&rsquo;\u00e9glise. Bon finalement nous faisons le tour en un peu plus d&rsquo;une heure du fait des nombreuses photos. Nous avons le temps de nous arr\u00eater \u00e0 la terrasse d&rsquo;un petit caf\u00e9 pour nous d\u00e9salt\u00e9rer. C&rsquo;est alors qu&rsquo;une troupe d&rsquo;hommes et de femmes en costumes viennent faire une repr\u00e9sentation de danses folkloriques. En deux temps et trois mouvements, Charlotte se retrouve \u00e0 danser avec eux sur la place.\u00a0<\/span><\/p>\n<p style=\"text-align: justify;\"><a href=\"https:\/\/toutdroit.voyage\/wp-content\/uploads\/2025\/04\/IMG_20250331_165836_9_11zon-2-scaled.jpg\"><img loading=\"lazy\" decoding=\"async\" class=\"alignnone size-medium wp-image-2671\" src=\"https:\/\/toutdroit.voyage\/wp-content\/uploads\/2025\/04\/IMG_20250331_165836_9_11zon-2-300x225.jpg\" alt=\"\" width=\"300\" height=\"225\" srcset=\"https:\/\/toutdroit.voyage\/wp-content\/uploads\/2025\/04\/IMG_20250331_165836_9_11zon-2-300x225.jpg 300w, https:\/\/toutdroit.voyage\/wp-content\/uploads\/2025\/04\/IMG_20250331_165836_9_11zon-2-1024x768.jpg 1024w, https:\/\/toutdroit.voyage\/wp-content\/uploads\/2025\/04\/IMG_20250331_165836_9_11zon-2-768x576.jpg 768w, https:\/\/toutdroit.voyage\/wp-content\/uploads\/2025\/04\/IMG_20250331_165836_9_11zon-2-1536x1152.jpg 1536w, https:\/\/toutdroit.voyage\/wp-content\/uploads\/2025\/04\/IMG_20250331_165836_9_11zon-2-2048x1536.jpg 2048w\" sizes=\"auto, (max-width: 300px) 100vw, 300px\" \/><\/a> <a href=\"https:\/\/toutdroit.voyage\/wp-content\/uploads\/2025\/04\/IMG_20250331_160533_10_11zon-scaled.jpg\"><img loading=\"lazy\" decoding=\"async\" class=\"alignnone size-medium wp-image-2634\" src=\"https:\/\/toutdroit.voyage\/wp-content\/uploads\/2025\/04\/IMG_20250331_160533_10_11zon-300x225.jpg\" alt=\"\" width=\"300\" height=\"225\" srcset=\"https:\/\/toutdroit.voyage\/wp-content\/uploads\/2025\/04\/IMG_20250331_160533_10_11zon-300x225.jpg 300w, https:\/\/toutdroit.voyage\/wp-content\/uploads\/2025\/04\/IMG_20250331_160533_10_11zon-1024x768.jpg 1024w, https:\/\/toutdroit.voyage\/wp-content\/uploads\/2025\/04\/IMG_20250331_160533_10_11zon-768x576.jpg 768w, https:\/\/toutdroit.voyage\/wp-content\/uploads\/2025\/04\/IMG_20250331_160533_10_11zon-1536x1152.jpg 1536w, https:\/\/toutdroit.voyage\/wp-content\/uploads\/2025\/04\/IMG_20250331_160533_10_11zon-2048x1536.jpg 2048w\" sizes=\"auto, (max-width: 300px) 100vw, 300px\" \/><\/a><\/p>\n<p style=\"text-align: justify;\"><span style=\"font-size: 10pt;\">Apr\u00e8s ces pas de danse, il est l&rsquo;heure de reprendre la route de Salta. Nous devrions \u00eatre de retour pour 19h30.\u00a0<\/span><\/p>\n<p style=\"text-align: justify;\"><span style=\"font-size: 10pt;\">Nous retrouvons notre appartement \u00e0 20h apr\u00e8s avoir fait la tourn\u00e9e des h\u00f4tels. Une fois de plus nous sommes les derniers \u00e0 \u00eatre d\u00e9pos\u00e9s. Nous sommes bien fatigu\u00e9s, vite p\u00e2tes\/salades puis MI7 enfin une premi\u00e8re heure seulement, \u00e7a pique du nez devant Tom Cruise alors au lit.<\/span><\/p>\n<p style=\"text-align: justify;\">\u00a0<\/p>\n<p style=\"text-align: justify;\"><strong><span style=\"font-size: 10pt;\">Mardi 1 avril 2025<\/span><\/strong><\/p>\n<p style=\"text-align: justify;\"><span style=\"font-size: 10pt;\">Salta \/ ciel nuageux \/ 20\u00b0<\/span><\/p>\n<p style=\"text-align: justify;\"><span style=\"font-size: 10pt;\">Pas de r\u00e9veil ce matin mais il ne faut pas pour autant tra\u00eener au lit, les gar\u00e7ons doivent s&rsquo;activer pour le CNED. Je vais nous chercher des petites viennoiseries pour le petit d\u00e9jeuner. On est bien dans notre quartier.<\/span><\/p>\n<p style=\"text-align: justify;\"><span style=\"font-size: 10pt;\">Ce midi ce sera tous les restes puisque nous avons promis un petit resto pour le dernier soir et que demain sera une journ\u00e9e de balade avec sandwichs ou empanadas midi et soir avant le d\u00e9part en bus de nuit.\u00a0<\/span><\/p>\n<p style=\"text-align: justify;\"><span style=\"font-size: 10pt;\">On pr\u00e9pare les sacs, on s&rsquo;active sur le blog, on aide au CNED, on fait le m\u00e9nage et la journ\u00e9e file.\u00a0<\/span><\/p>\n<p style=\"text-align: justify;\"><span style=\"font-size: 10pt;\">C&rsquo;est aussi l&rsquo;heure du bilan lors des discussions. Nous avions perdu le rythme avec nos deux mois en Nouvelle Z\u00e9lande. Un mois c&rsquo;est tr\u00e8s court. En tout cas il y a consensus sur le plaisir partag\u00e9 en Argentine, nous avons v\u00e9cu une exp\u00e9rience marquante et d\u00e9couvert une ville Salta et une r\u00e9gion superbe.\u00a0<\/span><\/p>\n<p style=\"text-align: justify;\"><span style=\"font-size: 10pt;\">Charlotte et Nino partent en avance vers le centre pour trouver des cartes postales et recharger la carte de bus pour demain. Samuel et Adam terminent des \u00e9valuations. Nous devons tous nous retrouver pour 18h, monter en haut du Cerro puis redescendre pour manger. Mais un message de Charlotte annonce un changement de programme, on fait le mus\u00e9e aujourd&rsquo;hui, on inverse les plannings car demain est un jour f\u00e9ri\u00e9 donc pas de mus\u00e9e et puis la m\u00e9t\u00e9o sera meilleure pour la randonn\u00e9e demain, ce soir il y a du vent et il fait froid.\u00a0<\/span><\/p>\n<p style=\"text-align: justify;\"><span style=\"font-size: 10pt;\">\u00c0 18h, nous sommes devant le mus\u00e9e, le MAAM, Museo d&rsquo;Arch\u00e9ologia de Alta Montana. Au guichet, le jeune homme parle un fran\u00e7ais parfait, logique, il donne des cours de fran\u00e7ais. Il est ravi de pouvoir discuter, r\u00e9sultat : tarif pr\u00e9f\u00e9rentiel et bonne adresse pour le restaurant. La visite perturbe beaucoup les enfants car le mus\u00e9e \u00e9voque principalement une exp\u00e9dition arch\u00e9ologique \u00e0 plus de 6000m d&rsquo;altitude qui a permis de retrouver les restes d&rsquo;une c\u00e9r\u00e9monie en l&rsquo;honneur des dieux incas. Les restes, en l&rsquo;occurrence, ce sont trois corps d&rsquo;enfants de 6 et 7 ans conserv\u00e9s en parfait \u00e9tat gr\u00e2ce au froid lorsqu&rsquo;ils ont \u00e9t\u00e9 enterr\u00e9s vivants en haut de la montagne et conserv\u00e9s actuellement par cryog\u00e9nisation.\u00a0 Avec les corps, ont \u00e9t\u00e9 aussi retrouv\u00e9 beaucoup de petits objets artisanaux d&rsquo;une pr\u00e9cision incroyable. La vue d&rsquo;un corps et les photos choquent Adam qui ne comprend pas que l&rsquo;on puisse montrer \u00e7a dans un mus\u00e9e. Pour les plus vieux ce qui est perturbant c&rsquo;est le peu d&rsquo;explications sur ces rites, un manque de datation aussi. Le mus\u00e9e est plus orient\u00e9 sur la prouesse de l&rsquo;exp\u00e9dition et la qualit\u00e9 des travaux aujourd&rsquo;hui pour toujours conserver ces enfants en parfait \u00e9tat. Notre arriv\u00e9e future en Bolivie et P\u00e9rou viendra peut-\u00eatre combler nos lacunes et apporter des lumi\u00e8res sur ce peuple incas.<\/span><\/p>\n<p style=\"text-align: justify;\"><a href=\"https:\/\/toutdroit.voyage\/wp-content\/uploads\/2025\/04\/IMG_20250401_191345_2_11zon-2-scaled.jpg\"><img loading=\"lazy\" decoding=\"async\" class=\"alignnone size-medium wp-image-2676\" src=\"https:\/\/toutdroit.voyage\/wp-content\/uploads\/2025\/04\/IMG_20250401_191345_2_11zon-2-225x300.jpg\" alt=\"\" width=\"225\" height=\"300\" srcset=\"https:\/\/toutdroit.voyage\/wp-content\/uploads\/2025\/04\/IMG_20250401_191345_2_11zon-2-225x300.jpg 225w, https:\/\/toutdroit.voyage\/wp-content\/uploads\/2025\/04\/IMG_20250401_191345_2_11zon-2-768x1024.jpg 768w, https:\/\/toutdroit.voyage\/wp-content\/uploads\/2025\/04\/IMG_20250401_191345_2_11zon-2-1152x1536.jpg 1152w, https:\/\/toutdroit.voyage\/wp-content\/uploads\/2025\/04\/IMG_20250401_191345_2_11zon-2-1536x2048.jpg 1536w, https:\/\/toutdroit.voyage\/wp-content\/uploads\/2025\/04\/IMG_20250401_191345_2_11zon-2-scaled.jpg 1920w\" sizes=\"auto, (max-width: 225px) 100vw, 225px\" \/><\/a> <a href=\"https:\/\/toutdroit.voyage\/wp-content\/uploads\/2025\/04\/IMG_20250401_193709_3_11zon-1-scaled.jpg\"><img loading=\"lazy\" decoding=\"async\" class=\"alignnone size-medium wp-image-2658\" src=\"https:\/\/toutdroit.voyage\/wp-content\/uploads\/2025\/04\/IMG_20250401_193709_3_11zon-1-225x300.jpg\" alt=\"\" width=\"225\" height=\"300\" srcset=\"https:\/\/toutdroit.voyage\/wp-content\/uploads\/2025\/04\/IMG_20250401_193709_3_11zon-1-225x300.jpg 225w, https:\/\/toutdroit.voyage\/wp-content\/uploads\/2025\/04\/IMG_20250401_193709_3_11zon-1-768x1024.jpg 768w, https:\/\/toutdroit.voyage\/wp-content\/uploads\/2025\/04\/IMG_20250401_193709_3_11zon-1-1152x1536.jpg 1152w, https:\/\/toutdroit.voyage\/wp-content\/uploads\/2025\/04\/IMG_20250401_193709_3_11zon-1-1536x2048.jpg 1536w, https:\/\/toutdroit.voyage\/wp-content\/uploads\/2025\/04\/IMG_20250401_193709_3_11zon-1-scaled.jpg 1920w\" sizes=\"auto, (max-width: 225px) 100vw, 225px\" \/><\/a><\/p>\n<p style=\"text-align: justify;\"><span style=\"font-size: 10pt;\">Bon pour dig\u00e9rer cette visite, si on se faisait un bon restaurant. Nous prenons le temps de comparer les cartes et prenons la d\u00e9cision d&rsquo;opter pour le restaurant qui nous offre des grandes planches de d\u00e9gustation partag\u00e9es autour des sp\u00e9cialit\u00e9s que nous n&rsquo;avons pas encore go\u00fbt\u00e9 le tout avec un grand verre de vin pour les adultes et des limonadas pour les jeunes. C&rsquo;est un r\u00e9gal, nous d\u00e9couvrons les milanesas, les tamals, les humias, les empanadas, les cazuelas de queso et osobuco. On sort du restaurant la peau du ventre bien tendue. La petite balade digestive pour rejoindre notre appartement est salvatrice et les gar\u00e7ons font un petit d\u00e9tour pour aller go\u00fbter un glacier conseill\u00e9 par \u00c9l\u00e9a et Morgan. Top!!<\/span><\/p>\n<p style=\"text-align: justify;\">\u00a0<\/p>\n<p style=\"text-align: justify;\"><strong><span style=\"font-size: 10pt;\">Mercredi 2 avril 2025<\/span><\/strong><\/p>\n<p style=\"text-align: justify;\"><span style=\"font-size: 10pt;\">Salta \/ Soleil \/ 24\u00b0<\/span><\/p>\n<p style=\"text-align: justify;\"><span style=\"font-size: 10pt;\">Dernier jour argentin, nous devons lib\u00e9rer l&rsquo;appartement \u00e0 11h. Tout le monde se l\u00e8ve pour 8h, petit d\u00e9jeuner rapide et on s&rsquo;organise. Tout le monde finit son sac puis les petits font deux heures de CNED pendant que les grands s&rsquo;occupent des lits, chambres, salle de bain et cuisine.\u00a0<\/span><\/p>\n<p style=\"text-align: justify;\"><span style=\"font-size: 10pt;\">\u00c0 11h apr\u00e8s un \u00e9ni\u00e8me tour pour v\u00e9rifier que rien n&rsquo;a \u00e9t\u00e9 oubli\u00e9, nous voil\u00e0 repartis pour l&rsquo;exp\u00e9dition bus avec tous les sacs jusqu&rsquo;au terminal de bus pour les y laisser en consigne \u00e0 la journ\u00e9e et ainsi pouvoir nous balader l\u00e9ger.<\/span><\/p>\n<p style=\"text-align: justify;\"><span style=\"font-size: 10pt;\">Tout s&rsquo;encha\u00eene \u00e0 la perfection et \u00e0 midi nous nous installons dans un petit restaurant o\u00f9 ils font les meilleurs empanadas de Salta. Le cadre est superbe et la nourriture un d\u00e9lice. Les plats sont cuits au four \u00e0 bois, petite pens\u00e9e pour Jer, la Bodega vietnamienne et son fabuleux four \u00e0 pizza qui vient de f\u00eater ses 10 ans. Nous d\u00e9couvrons de nouveaux plats traditionnels, la provoleta, le potosina (empanadas bolivien) et les desserts turron et cayote. Nous en prenons plein les papilles ces deux derniers jours.<\/span><\/p>\n<p style=\"text-align: justify;\"><a href=\"https:\/\/toutdroit.voyage\/wp-content\/uploads\/2025\/04\/IMG_20250402_121205-2-scaled.jpg\"><img loading=\"lazy\" decoding=\"async\" class=\"alignnone size-medium wp-image-2675\" src=\"https:\/\/toutdroit.voyage\/wp-content\/uploads\/2025\/04\/IMG_20250402_121205-2-300x225.jpg\" alt=\"\" width=\"300\" height=\"225\" srcset=\"https:\/\/toutdroit.voyage\/wp-content\/uploads\/2025\/04\/IMG_20250402_121205-2-300x225.jpg 300w, https:\/\/toutdroit.voyage\/wp-content\/uploads\/2025\/04\/IMG_20250402_121205-2-1024x768.jpg 1024w, https:\/\/toutdroit.voyage\/wp-content\/uploads\/2025\/04\/IMG_20250402_121205-2-768x576.jpg 768w, https:\/\/toutdroit.voyage\/wp-content\/uploads\/2025\/04\/IMG_20250402_121205-2-1536x1152.jpg 1536w, https:\/\/toutdroit.voyage\/wp-content\/uploads\/2025\/04\/IMG_20250402_121205-2-2048x1536.jpg 2048w\" sizes=\"auto, (max-width: 300px) 100vw, 300px\" \/><\/a> <a href=\"https:\/\/toutdroit.voyage\/wp-content\/uploads\/2025\/04\/IMG_20250402_131721_6_11zon-scaled.jpg\"><img loading=\"lazy\" decoding=\"async\" class=\"alignnone size-medium wp-image-2644\" src=\"https:\/\/toutdroit.voyage\/wp-content\/uploads\/2025\/04\/IMG_20250402_131721_6_11zon-300x225.jpg\" alt=\"\" width=\"300\" height=\"225\" srcset=\"https:\/\/toutdroit.voyage\/wp-content\/uploads\/2025\/04\/IMG_20250402_131721_6_11zon-300x225.jpg 300w, https:\/\/toutdroit.voyage\/wp-content\/uploads\/2025\/04\/IMG_20250402_131721_6_11zon-1024x768.jpg 1024w, https:\/\/toutdroit.voyage\/wp-content\/uploads\/2025\/04\/IMG_20250402_131721_6_11zon-768x576.jpg 768w, https:\/\/toutdroit.voyage\/wp-content\/uploads\/2025\/04\/IMG_20250402_131721_6_11zon-1536x1152.jpg 1536w, https:\/\/toutdroit.voyage\/wp-content\/uploads\/2025\/04\/IMG_20250402_131721_6_11zon-2048x1536.jpg 2048w\" sizes=\"auto, (max-width: 300px) 100vw, 300px\" \/><\/a><\/p>\n<p style=\"text-align: justify;\"><span style=\"font-size: 10pt;\">13h30 nous commen\u00e7ons notre petite randonn\u00e9e pour monter en haut du Cerro. Il fait chaud, le ciel est tout bleu mais les marches qui nous permettent de gravir les 300m de d\u00e9nivel\u00e9 sont dans l&rsquo;ombre de la for\u00eat. Ouf. Charlotte doute de ses capacit\u00e9s et pense d\u00e9j\u00e0 au treck de l&rsquo;\u00e9t\u00e9 prochain avec les copains avec inqui\u00e9tude. Mais un pas apr\u00e8s l&rsquo;autre on avance toujours et puis les discussions avec les enfants dans ces moments-l\u00e0 sont d&rsquo;une grande aide. Nous voil\u00e0 au sommet et c&rsquo;est direction les toilettes pour Charlotte et Adam. On s&rsquo;en est mis pleins les babines mais peut-\u00eatre un peu trop&#8230;..Je vais conna\u00eetre le m\u00eame \u00e9pisode deux heures plus tard, r\u00e9clamant les ba\u00f1os d&rsquo;un petit caf\u00e9 une fois de retour vers la ville.\u00a0<\/span><\/p>\n<p style=\"text-align: justify;\"><span style=\"font-size: 10pt;\">Bref, entre temps nous aurons pris plaisir \u00e0 observer la ville depuis les hauteurs sous un beau ciel bleu. La ville et ses alentours, ses belles montagnes environnantes. Salta la linda.<\/span><\/p>\n<p style=\"text-align: justify;\"><a href=\"https:\/\/toutdroit.voyage\/wp-content\/uploads\/2025\/04\/IMG_20250402_161813_8_11zon-scaled.jpg\"><img loading=\"lazy\" decoding=\"async\" class=\"alignnone size-medium wp-image-2643\" src=\"https:\/\/toutdroit.voyage\/wp-content\/uploads\/2025\/04\/IMG_20250402_161813_8_11zon-225x300.jpg\" alt=\"\" width=\"225\" height=\"300\" srcset=\"https:\/\/toutdroit.voyage\/wp-content\/uploads\/2025\/04\/IMG_20250402_161813_8_11zon-225x300.jpg 225w, https:\/\/toutdroit.voyage\/wp-content\/uploads\/2025\/04\/IMG_20250402_161813_8_11zon-768x1024.jpg 768w, https:\/\/toutdroit.voyage\/wp-content\/uploads\/2025\/04\/IMG_20250402_161813_8_11zon-1152x1536.jpg 1152w, https:\/\/toutdroit.voyage\/wp-content\/uploads\/2025\/04\/IMG_20250402_161813_8_11zon-1536x2048.jpg 1536w, https:\/\/toutdroit.voyage\/wp-content\/uploads\/2025\/04\/IMG_20250402_161813_8_11zon-scaled.jpg 1920w\" sizes=\"auto, (max-width: 225px) 100vw, 225px\" \/><\/a> <a href=\"https:\/\/toutdroit.voyage\/wp-content\/uploads\/2025\/04\/IMG_20250402_143744_7_11zon-2-scaled.jpg\"><img loading=\"lazy\" decoding=\"async\" class=\"alignnone  wp-image-2670\" src=\"https:\/\/toutdroit.voyage\/wp-content\/uploads\/2025\/04\/IMG_20250402_143744_7_11zon-2-300x225.jpg\" alt=\"\" width=\"399\" height=\"299\" srcset=\"https:\/\/toutdroit.voyage\/wp-content\/uploads\/2025\/04\/IMG_20250402_143744_7_11zon-2-300x225.jpg 300w, https:\/\/toutdroit.voyage\/wp-content\/uploads\/2025\/04\/IMG_20250402_143744_7_11zon-2-1024x768.jpg 1024w, https:\/\/toutdroit.voyage\/wp-content\/uploads\/2025\/04\/IMG_20250402_143744_7_11zon-2-768x576.jpg 768w, https:\/\/toutdroit.voyage\/wp-content\/uploads\/2025\/04\/IMG_20250402_143744_7_11zon-2-1536x1152.jpg 1536w, https:\/\/toutdroit.voyage\/wp-content\/uploads\/2025\/04\/IMG_20250402_143744_7_11zon-2-2048x1536.jpg 2048w\" sizes=\"auto, (max-width: 399px) 100vw, 399px\" \/><\/a><\/p>\n<p style=\"text-align: justify;\"><span style=\"font-size: 10pt;\">Nous prenons notre temps dans la descente et croisons un grand nombre de marcheurs en ce jour f\u00e9ri\u00e9. De retour en ville et apr\u00e8s mon acc\u00e9l\u00e9ration pour vous savez quoi, nous allons nous rafra\u00eechir \u00e0 une terrasse sur la grand place. Cette ville est d&rsquo;une qui\u00e9tude remarquable. Nous nous dirigeons lentement, notre inconscient ne cherche-t-il pas \u00e0 prolonger au maximum notre s\u00e9jour ici. D&rsquo;autant plus que le stress gagne du terrain chez Charlotte. Ce stress toujours pr\u00e9sent au moment du changement.<\/span><\/p>\n<p style=\"text-align: justify;\"><span style=\"font-size: 10pt;\">\u00c0 proximit\u00e9 du terminal nous trouvons un petit restaurant pour prendre des forces avant le voyage. De nuit nous allons rouler vers le nord et passer la fronti\u00e8re. Demain matin \u00e0 7h nous serons en Bolivie, \u00e0 Tarija. Il faudra alors prendre un taxi pour une heure de trajet jusqu&rsquo;\u00e0 Rosillas, lieu du prochain wwoofing de 18 jours.\u00a0<\/span><\/p>\n<p style=\"text-align: justify;\"><a href=\"https:\/\/toutdroit.voyage\/wp-content\/uploads\/2025\/04\/IMG_20250402_211338_5_11zon-2-scaled.jpg\"><img loading=\"lazy\" decoding=\"async\" class=\"size-medium wp-image-2666\" src=\"https:\/\/toutdroit.voyage\/wp-content\/uploads\/2025\/04\/IMG_20250402_211338_5_11zon-2-300x225.jpg\" alt=\"\" width=\"300\" height=\"225\" srcset=\"https:\/\/toutdroit.voyage\/wp-content\/uploads\/2025\/04\/IMG_20250402_211338_5_11zon-2-300x225.jpg 300w, https:\/\/toutdroit.voyage\/wp-content\/uploads\/2025\/04\/IMG_20250402_211338_5_11zon-2-1024x768.jpg 1024w, https:\/\/toutdroit.voyage\/wp-content\/uploads\/2025\/04\/IMG_20250402_211338_5_11zon-2-768x576.jpg 768w, https:\/\/toutdroit.voyage\/wp-content\/uploads\/2025\/04\/IMG_20250402_211338_5_11zon-2-1536x1152.jpg 1536w, https:\/\/toutdroit.voyage\/wp-content\/uploads\/2025\/04\/IMG_20250402_211338_5_11zon-2-2048x1536.jpg 2048w\" sizes=\"auto, (max-width: 300px) 100vw, 300px\" \/><\/a><\/p>\n","protected":false},"excerpt":{"rendered":"<p>\u00a0 Lundi 31 mars 2025 Salta &#8211; Jujuy \/ pluie soleil \/ 18\u00b0 Nouvelle journ\u00e9e de visite en minibus et petit groupe donc on ne change pas une \u00e9quipe qui gagne.\u00a0 R\u00e9veil \u00e0 6h, petit d\u00e9jeuner et sandwichs by Simon.\u00a0&hellip; <\/p>\n","protected":false},"author":2,"featured_media":0,"comment_status":"open","ping_status":"closed","sticky":false,"template":"","format":"standard","meta":{"footnotes":""},"categories":[15],"tags":[],"class_list":["post-2555","post","type-post","status-publish","format-standard","hentry","category-mars-25-chili-argentine"],"_links":{"self":[{"href":"https:\/\/toutdroit.voyage\/index.php\/wp-json\/wp\/v2\/posts\/2555","targetHints":{"allow":["GET"]}}],"collection":[{"href":"https:\/\/toutdroit.voyage\/index.php\/wp-json\/wp\/v2\/posts"}],"about":[{"href":"https:\/\/toutdroit.voyage\/index.php\/wp-json\/wp\/v2\/types\/post"}],"author":[{"embeddable":true,"href":"https:\/\/toutdroit.voyage\/index.php\/wp-json\/wp\/v2\/users\/2"}],"replies":[{"embeddable":true,"href":"https:\/\/toutdroit.voyage\/index.php\/wp-json\/wp\/v2\/comments?post=2555"}],"version-history":[{"count":10,"href":"https:\/\/toutdroit.voyage\/index.php\/wp-json\/wp\/v2\/posts\/2555\/revisions"}],"predecessor-version":[{"id":2709,"href":"https:\/\/toutdroit.voyage\/index.php\/wp-json\/wp\/v2\/posts\/2555\/revisions\/2709"}],"wp:attachment":[{"href":"https:\/\/toutdroit.voyage\/index.php\/wp-json\/wp\/v2\/media?parent=2555"}],"wp:term":[{"taxonomy":"category","embeddable":true,"href":"https:\/\/toutdroit.voyage\/index.php\/wp-json\/wp\/v2\/categories?post=2555"},{"taxonomy":"post_tag","embeddable":true,"href":"https:\/\/toutdroit.voyage\/index.php\/wp-json\/wp\/v2\/tags?post=2555"}],"curies":[{"name":"wp","href":"https:\/\/api.w.org\/{rel}","templated":true}]}}