{"id":2431,"date":"2025-04-10T23:14:24","date_gmt":"2025-04-10T21:14:24","guid":{"rendered":"https:\/\/toutdroit.voyage\/?p=2431"},"modified":"2025-04-13T00:42:07","modified_gmt":"2025-04-12T22:42:07","slug":"kilampa-une-communaute-peu-commune","status":"publish","type":"post","link":"https:\/\/toutdroit.voyage\/index.php\/2025\/04\/10\/kilampa-une-communaute-peu-commune\/","title":{"rendered":"Kilampa, une communaut\u00e9 peu commune"},"content":{"rendered":"\n<p dir=\"ltr\" style=\"text-align: justify;\"><strong><span style=\"font-size: 10pt;\">\u00a0Jeudi 13 mars 2025<\/span><\/strong><\/p>\n<p dir=\"ltr\" style=\"text-align: justify;\"><span style=\"font-size: 10pt;\">Cordoba\/ Soleil \/ 19\u00b0<\/span><\/p>\n<p dir=\"ltr\" style=\"text-align: justify;\"><span style=\"font-size: 10pt;\">Arriv\u00e9e \u00e0 Cordoba \u00e0 8h du matin, on est crev\u00e9s. On prend un petit dej rapidement \u00e0 la station de bus et on rejoint directement l&rsquo;h\u00f4tel qui a eu la gentillesse de nous accepter d\u00e8s notre arriv\u00e9e afin de d\u00e9poser nos gros sacs \u00e0 dos. On laisse les gar\u00e7ons se reposer et faire du CNED et on part en reconnaissance, Simon et moi, pour savoir o\u00f9 prendre notre transport pour aller \u00e0 notre wwoofing demain matin et aussi pour r\u00e9server notre prochain bus direction Salta. Toute cette organisation nous demande beaucoup d&rsquo;anticipation et nous prend beaucoup d&rsquo;\u00e9nergie mais, pour le moment, tout roule et c&rsquo;est le plus important.\u00a0<\/span><\/p>\n<p dir=\"ltr\" style=\"text-align: justify;\"><span style=\"font-size: 10pt;\"><a href=\"https:\/\/toutdroit.voyage\/wp-content\/uploads\/2025\/03\/IMG_20250313_140938_1_11zon-scaled.jpg\"><img loading=\"lazy\" decoding=\"async\" class=\"size-medium wp-image-2362 alignleft\" src=\"https:\/\/toutdroit.voyage\/wp-content\/uploads\/2025\/03\/IMG_20250313_140938_1_11zon-300x225.jpg\" alt=\"\" width=\"300\" height=\"225\" srcset=\"https:\/\/toutdroit.voyage\/wp-content\/uploads\/2025\/03\/IMG_20250313_140938_1_11zon-300x225.jpg 300w, https:\/\/toutdroit.voyage\/wp-content\/uploads\/2025\/03\/IMG_20250313_140938_1_11zon-1024x768.jpg 1024w, https:\/\/toutdroit.voyage\/wp-content\/uploads\/2025\/03\/IMG_20250313_140938_1_11zon-768x576.jpg 768w, https:\/\/toutdroit.voyage\/wp-content\/uploads\/2025\/03\/IMG_20250313_140938_1_11zon-1536x1152.jpg 1536w, https:\/\/toutdroit.voyage\/wp-content\/uploads\/2025\/03\/IMG_20250313_140938_1_11zon-2048x1536.jpg 2048w\" sizes=\"auto, (max-width: 300px) 100vw, 300px\" \/><\/a>On retrouve les enfants vers 11h et on part aussit\u00f4t d\u00e9couvrir la Grande Place de Cordoba. Nous leur avons promis de manger des empanadas. Chose promise, chose due. On se r\u00e9gale de cette sp\u00e9cialit\u00e9 si go\u00fbteuse et qui para\u00eet pourtant si simple \u00e0 r\u00e9aliser ( finalement pas si simple que cela car la r\u00e9alisation de la p\u00e2te est apparemment assez complexe).\u00a0 Miam ! On arpente quelques temps les rues pi\u00e9tonnes de la ville et, \u00e9videmment, les gar\u00e7ons ne r\u00e9sistent pas \u00e0 l&rsquo;appel d&rsquo;une bonne glace.\u00a0<\/span><\/p>\n<p dir=\"ltr\" style=\"text-align: justify;\"><span style=\"font-size: 10pt;\">En rentrant \u00e0 l&rsquo;h\u00f4tel, pendant que les enfants tentent d&rsquo;avancer un peu sur le CNED, nous\u00a0 avons un \u00e9change visio avec notre h\u00f4te du wwoofing en Bolivie. Il s&rsquo;appelle Salvador, doit avoir environ 25 ans et parle fran\u00e7ais. \u00c7a facilite beaucoup les discussions. Il nous explique plus en d\u00e9tail le projet de son auberge d&rsquo;altitude, l&rsquo;auberge de la Vall\u00e9e des Condors, un nom plein de promesses. Tout \u00e7a nous pla\u00eet bien. Bon, une fois de plus, contrairement aux principes du Wwoofing, il y a une contribution financi\u00e8re \u00e0 verser et celle-ci est plut\u00f4t importante (environ 5\u20ac par jour et par personne). Nous parlementons un temps et arrivons \u00e0 nous entendre sur un montant. Nous lui demandons \u00e9galement s&rsquo;il est possible de d\u00e9caler un peu nos dates. Pas de souci de son c\u00f4t\u00e9. Nous y serons donc \u00e0 partir du 3 avril et jusqu&rsquo;au 21 avril.\u00a0 <\/span><\/p>\n<p dir=\"ltr\" style=\"text-align: justify;\"><span style=\"font-size: 10pt;\">Apr\u00e8s cet \u00e9change, Simon et moi passons un long moment \u00e0 organiser notre trip Bolivie \/ P\u00e9rou apr\u00e8s le 21 avril. Nous aurons peu de temps pour d\u00e9couvrir le pays. Il nous faut faire des choix et ce n&rsquo;est vraiment pas facile. On pose quelques possibilit\u00e9s sur le papier et, peu \u00e0 peu, la partie bolivienne finit par prendre forme. Par contre, <\/span><span style=\"font-size: 10pt;\">on se questionne beaucoup sur la d\u00e9couverte du P\u00e9rou, \u00e0 savoir tout particuli\u00e8rement : Machu Picchu ou pas Machu Picchu. Simon et moi ne sommes pas plus enthousiastes que \u00e7a mais nous ne sommes pas seuls. On d\u00e9cide d&rsquo;en \u00e9changer avec les enfants devant une pizza dans un petit resto tout pr\u00e8s de l&rsquo;h\u00f4tel. <\/span><span style=\"font-size: 10pt;\">Nous leur expliquons notre dilemme :<\/span><\/p>\n<p dir=\"ltr\" style=\"text-align: justify;\"><span style=\"font-size: 10pt;\"> &#8211; le Machu Picchu :\u00a0 c&rsquo;est un spot culte, l&rsquo;une des sept nouvelles merveilles du monde moderne. C&rsquo;est un endroit magique et magnifique au c\u0153ur de la culture p\u00e9ruvienne, un site exceptionnel class\u00e9 au patrimoine mondial de l&rsquo;Unesco. On est tout pr\u00e8s, ce serait dommage de ne pas en profiter.<\/span><\/p>\n<p dir=\"ltr\" style=\"text-align: justify;\"><span style=\"font-size: 10pt;\">&#8211;\u00a0 mais : c&rsquo;est tr\u00e8s tr\u00e8s touristique (une machine \u00e0 touristes brassant entre 3000 et 4000 visiteurs par jour!) et tr\u00e8s tr\u00e8s cher (compter au minimum 250\u20ac par personne pour un aller-retour depuis Cusco et une visite de 3 heures dans le site).\u00a0<\/span><\/p>\n<p dir=\"ltr\" style=\"text-align: justify;\"><span style=\"font-size: 10pt;\">Les enfants ne r\u00e9fl\u00e9chissent pas longtemps. Ils nous disent clairement qu&rsquo;ils ne ressentent pas le besoin de faire comme tout le monde et qu&rsquo;ils ne seront absolument pas frustr\u00e9s de ne pas aller au Machu Picchu. Ils pr\u00e9f\u00e8rent aller d\u00e9couvrir des lieux plus authentiques avec moins de monde. Bon, voil\u00e0, le choix est fait. On va probablement aller passer quelques jours du c\u00f4t\u00e9 de Cusco pour pouvoir s&rsquo;impr\u00e9gner de la culture Inca en d\u00e9couvrant d&rsquo;autres sites moins connus mais tout aussi int\u00e9ressants.<\/span><\/p>\n<p>\u00a0<\/p>\n<p style=\"text-align: justify;\"><strong><span style=\"font-size: 10pt;\">Vendredi 14 mars 2025<\/span><\/strong><\/p>\n<p dir=\"ltr\" style=\"text-align: justify;\"><span style=\"font-size: 10pt;\">Cordoba -Tala Canada (Kilampa) \/ brouillard \/ 15\u00b0<\/span><\/p>\n<p dir=\"ltr\" style=\"text-align: justify;\"><span style=\"font-size: 10pt;\">Le r\u00e9veil sonne \u00e0 5h ce matin. Les yeux encore gonfl\u00e9s de sommeil, nous nous levons p\u00e9niblement. La fatigue est bien pr\u00e9sente. On resterait bien faire la grasse matin\u00e9e aujourd&rsquo;hui mais impossible. Notre bus part \u00e0 6h15 pour notre nouveau volontariat. Il faut tout remballer et se bouger.\u00a0<\/span><\/p>\n<p dir=\"ltr\" style=\"text-align: justify;\"><span style=\"font-size: 10pt;\">Le bus arrive pile \u00e0 l&rsquo;heure. Nous mettons du temps \u00e0 monter dedans car l&rsquo;une des passag\u00e8res a une longue discussion avec le chauffeur. Il s&rsquo;av\u00e8re qu&rsquo;elle va au m\u00eame endroit que nous et souhaite repartir le m\u00eame jour que nous. Le chauffeur lui apprend que le lundi 24 mars est un jour f\u00e9ri\u00e9 donc, malheureusement pour nous, pas de bus. A\u00efe ! Il va falloir r\u00e9fl\u00e9chir \u00e0 notre organisation pour les jours \u00e0 venir. On verra directement avec notre h\u00f4te.\u00a0<\/span><\/p>\n<p dir=\"ltr\" style=\"text-align: justify;\"><span style=\"font-size: 10pt;\">Le trajet de 4 heures est incroyable. Nous traversons des paysages d\u00e9sertiques de pierre et de lande. Il fait froid et brumeux. Le bus roule sur un chemin d\u00e9fonc\u00e9. Nous sommes peu nombreux et tout est assez calme. Seuls le bruit des roues sur les pierres du chemin r\u00e9sonne dans l&rsquo;habitacle. Nous tentons de poursuivre un peu notre nuit. Nous passons un endroit nomm\u00e9 Los Gigantes (les g\u00e9ants) o\u00f9 les rochers sont majestueux. Sont-ce eux les g\u00e9ants ? En plein milieu de nulle part surgissent des dizaines de chevaux avec leurs cavaliers. Il s&rsquo;agit prob<\/span><span style=\"font-size: 10pt;\">ablement d&rsquo;un spot de bivouac pour un \u00ab\u00a0horse trip\u00a0\u00bb dans les montagnes argentines.\u00a0<\/span><\/p>\n<p dir=\"ltr\" style=\"text-align: justify;\"><span style=\"font-size: 10pt;\"><a href=\"https:\/\/toutdroit.voyage\/wp-content\/uploads\/2025\/03\/IMG_20250314_105211_4_11zon-scaled.jpg\"><img loading=\"lazy\" decoding=\"async\" class=\"alignnone  wp-image-2365\" src=\"https:\/\/toutdroit.voyage\/wp-content\/uploads\/2025\/03\/IMG_20250314_105211_4_11zon-300x225.jpg\" alt=\"\" width=\"260\" height=\"195\" srcset=\"https:\/\/toutdroit.voyage\/wp-content\/uploads\/2025\/03\/IMG_20250314_105211_4_11zon-300x225.jpg 300w, https:\/\/toutdroit.voyage\/wp-content\/uploads\/2025\/03\/IMG_20250314_105211_4_11zon-1024x768.jpg 1024w, https:\/\/toutdroit.voyage\/wp-content\/uploads\/2025\/03\/IMG_20250314_105211_4_11zon-768x576.jpg 768w, https:\/\/toutdroit.voyage\/wp-content\/uploads\/2025\/03\/IMG_20250314_105211_4_11zon-1536x1152.jpg 1536w, https:\/\/toutdroit.voyage\/wp-content\/uploads\/2025\/03\/IMG_20250314_105211_4_11zon-2048x1536.jpg 2048w\" sizes=\"auto, (max-width: 260px) 100vw, 260px\" \/><\/a> \u00a0<a href=\"https:\/\/toutdroit.voyage\/wp-content\/uploads\/2025\/03\/IMG_20250314_085519_2_11zon-scaled.jpg\"><img loading=\"lazy\" decoding=\"async\" class=\"alignnone  wp-image-2363\" src=\"https:\/\/toutdroit.voyage\/wp-content\/uploads\/2025\/03\/IMG_20250314_085519_2_11zon-300x225.jpg\" alt=\"\" width=\"256\" height=\"192\" srcset=\"https:\/\/toutdroit.voyage\/wp-content\/uploads\/2025\/03\/IMG_20250314_085519_2_11zon-300x225.jpg 300w, https:\/\/toutdroit.voyage\/wp-content\/uploads\/2025\/03\/IMG_20250314_085519_2_11zon-1024x768.jpg 1024w, https:\/\/toutdroit.voyage\/wp-content\/uploads\/2025\/03\/IMG_20250314_085519_2_11zon-768x576.jpg 768w, https:\/\/toutdroit.voyage\/wp-content\/uploads\/2025\/03\/IMG_20250314_085519_2_11zon-1536x1152.jpg 1536w, https:\/\/toutdroit.voyage\/wp-content\/uploads\/2025\/03\/IMG_20250314_085519_2_11zon-2048x1536.jpg 2048w\" sizes=\"auto, (max-width: 256px) 100vw, 256px\" \/><\/a><\/span><\/p>\n<p dir=\"ltr\" style=\"text-align: justify;\"><span style=\"font-size: 10pt;\">Quelques minutes plus tard, contre toute attente, le calme tant appr\u00e9ci\u00e9 est mis \u00e0 mal par un groupe d&rsquo;enfants et d&rsquo;ados que le bus ramasse au bord de la route. Il y a sans doute une \u00e9cole dans le coin. Nous sommes vendredi et les jeunes qui doivent \u00eatre en internat durant la semaine rentrent chez eux. <\/span><span style=\"font-size: 10pt;\">Et c&rsquo;est parti pour des papotages et des rires sonores. <\/span><span style=\"font-size: 10pt;\">Nous avons encore 2h de route. Impossible de nous reposer. Ca va \u00eatre long !<\/span><\/p>\n<p dir=\"ltr\" style=\"text-align: justify;\"><span style=\"font-size: 10pt;\">On avance comme des tortues derri\u00e8re des vans de chevaux et ralentis par des dizaines de gens qui marchent sur la route. Il s&rsquo;agit certainement d&rsquo;un trek de plusieurs jours organis\u00e9 pour d\u00e9couvrir ce coin perdu de l&rsquo;Argentine. Les randonneurs marchent vaillamment affrontant une brume \u00e0 couper au couteau. Les g\u00e9ants de pierre nous observent toujours depuis leurs places ancestrales. <\/span><span style=\"font-size: 10pt;\">Les \u00e9coliers s&rsquo;ennuient et, pour tuer le temps, se penchent \u00e0 la fen\u00eatre du bus et alpaguent les marcheurs \u00e0 grands coups de \u00ab\u00a0Buan viaje !\u00a0\u00bb (bon voyage).\u00a0 C&rsquo;est amusant cette situation alors que nous <\/span><span style=\"font-size: 10pt;\">sommes vraiment au milieu de nulle part. Nous n&rsquo;avons plus de connexion depuis une bonne heure et les batteries des t\u00e9l\u00e9phones s&rsquo;\u00e9puisent. Les 10 prochains jours sans \u00e9lectricit\u00e9 ni internet vont vraiment nous couper de la civilisation.<\/span><\/p>\n<p dir=\"ltr\" style=\"text-align: justify;\"><span style=\"font-size: 10pt;\">Les jeunes descendent du bus au fur et \u00e0 mesure du trajet. O\u00f9 vont-ils ? Nous sommes en plein dans la pampa. Nous n&rsquo;apercevons aucune maison. Peut-\u00eatre sont-elles cach\u00e9es par les collines ?<\/span><\/p>\n<p dir=\"ltr\" style=\"text-align: justify;\"><span style=\"font-size: 10pt;\">On finit par atteindre Tala Canada. Notre destination. On se fait d\u00e9poser devant une minuscule boutique. On est paum\u00e9s. Heureusement que Fernanda, la jeune femme rencontr\u00e9e dans le bus qui va \u00e9galement \u00e0 Kilampa, est avec nous. On attend avec elle que notre h\u00f4te vienne nous chercher. On est sereins car elle est en contact avec lui via Whatsapp. Intiam (c&rsquo;est le nom de notre h\u00f4te) <\/span><span style=\"font-size: 10pt;\">surgit une vingtaine de minutes plus tard. On s&rsquo;entasse tous les 7 avec nos gros sacs dans le Partner, Adam et Sam dans le coffre et roule ma poule ! C&rsquo;est parti pour 7 km de piste d\u00e9fonc\u00e9e qui n&rsquo;en finit pas.\u00a0<\/span><\/p>\n<p dir=\"ltr\" style=\"text-align: justify;\"><span style=\"font-size: 10pt;\"><a href=\"https:\/\/toutdroit.voyage\/wp-content\/uploads\/2025\/04\/IMG_20250317_083850_2_11zon-scaled.jpg\"><img loading=\"lazy\" decoding=\"async\" class=\" wp-image-2506 alignleft\" src=\"https:\/\/toutdroit.voyage\/wp-content\/uploads\/2025\/04\/IMG_20250317_083850_2_11zon-225x300.jpg\" alt=\"\" width=\"122\" height=\"162\" srcset=\"https:\/\/toutdroit.voyage\/wp-content\/uploads\/2025\/04\/IMG_20250317_083850_2_11zon-225x300.jpg 225w, https:\/\/toutdroit.voyage\/wp-content\/uploads\/2025\/04\/IMG_20250317_083850_2_11zon-768x1024.jpg 768w, https:\/\/toutdroit.voyage\/wp-content\/uploads\/2025\/04\/IMG_20250317_083850_2_11zon-1152x1536.jpg 1152w, https:\/\/toutdroit.voyage\/wp-content\/uploads\/2025\/04\/IMG_20250317_083850_2_11zon-1536x2048.jpg 1536w, https:\/\/toutdroit.voyage\/wp-content\/uploads\/2025\/04\/IMG_20250317_083850_2_11zon-scaled.jpg 1920w\" sizes=\"auto, (max-width: 122px) 100vw, 122px\" \/><\/a>On arrive \u00e0 Kilampa vers 13h. Intiam nous montre la propri\u00e9t\u00e9, les sanitaires (toilettes s\u00e8ches et douches chauff\u00e9es au feu de bois allum\u00e9 tous les 3 jours), notre chambre (un dortoir tr\u00e8s simple avec 5 lits. Ici, pas d&rsquo;eau courante. Le site s&rsquo;approvisionne uniquement \u00e0\u00a0 l&rsquo;eau de pluie. Celle-ci est utilis\u00e9e pour absolument tout : la cuisine, les douches, l&rsquo;arrosage du jardin et m\u00eame la boisson. Pour boire, il y a cependant tout un syst\u00e8me de filtrage de l&rsquo;eau qui permet d&rsquo;avoir une eau de boisson de bonne qualit\u00e9.<\/span><\/p>\n<p dir=\"ltr\"><span style=\"font-size: 10pt;\"><a href=\"https:\/\/toutdroit.voyage\/wp-content\/uploads\/2025\/03\/IMG_20250319_090346_9_11zon-scaled.jpg\"><img loading=\"lazy\" decoding=\"async\" class=\"wp-image-2382 alignleft\" src=\"https:\/\/toutdroit.voyage\/wp-content\/uploads\/2025\/03\/IMG_20250319_090346_9_11zon-300x225.jpg\" alt=\"\" width=\"241\" height=\"181\" srcset=\"https:\/\/toutdroit.voyage\/wp-content\/uploads\/2025\/03\/IMG_20250319_090346_9_11zon-300x225.jpg 300w, https:\/\/toutdroit.voyage\/wp-content\/uploads\/2025\/03\/IMG_20250319_090346_9_11zon-1024x768.jpg 1024w, https:\/\/toutdroit.voyage\/wp-content\/uploads\/2025\/03\/IMG_20250319_090346_9_11zon-768x576.jpg 768w, https:\/\/toutdroit.voyage\/wp-content\/uploads\/2025\/03\/IMG_20250319_090346_9_11zon-1536x1152.jpg 1536w, https:\/\/toutdroit.voyage\/wp-content\/uploads\/2025\/03\/IMG_20250319_090346_9_11zon-2048x1536.jpg 2048w\" sizes=\"auto, (max-width: 241px) 100vw, 241px\" \/><\/a> <a href=\"https:\/\/toutdroit.voyage\/wp-content\/uploads\/2025\/03\/IMG_20250316_104033_11_11zon-scaled.jpg\"><img loading=\"lazy\" decoding=\"async\" class=\" wp-image-2372 alignleft\" src=\"https:\/\/toutdroit.voyage\/wp-content\/uploads\/2025\/03\/IMG_20250316_104033_11_11zon-300x225.jpg\" alt=\"\" width=\"243\" height=\"182\" srcset=\"https:\/\/toutdroit.voyage\/wp-content\/uploads\/2025\/03\/IMG_20250316_104033_11_11zon-300x225.jpg 300w, https:\/\/toutdroit.voyage\/wp-content\/uploads\/2025\/03\/IMG_20250316_104033_11_11zon-1024x768.jpg 1024w, https:\/\/toutdroit.voyage\/wp-content\/uploads\/2025\/03\/IMG_20250316_104033_11_11zon-768x576.jpg 768w, https:\/\/toutdroit.voyage\/wp-content\/uploads\/2025\/03\/IMG_20250316_104033_11_11zon-1536x1152.jpg 1536w, https:\/\/toutdroit.voyage\/wp-content\/uploads\/2025\/03\/IMG_20250316_104033_11_11zon-2048x1536.jpg 2048w\" sizes=\"auto, (max-width: 243px) 100vw, 243px\" \/><\/a><\/span><\/p>\n<p dir=\"ltr\">\u00a0<\/p>\n<p dir=\"ltr\">\u00a0<\/p>\n<p dir=\"ltr\">\u00a0<\/p>\n<p dir=\"ltr\">\u00a0<\/p>\n<p dir=\"ltr\" style=\"text-align: justify;\"><span style=\"font-size: 10pt;\">Comme annonc\u00e9, il n&rsquo;y a pas d&rsquo;\u00e9lectricit\u00e9. Le b\u00e2timent principal dispose d&rsquo;un simple panneau solaire permettant de faire fonctionner la lumi\u00e8re de la salle \u00e0 manger et de la cuisine le soir venu.\u00a0 Il est possible de brancher de temps \u00e0 autre nos t\u00e9l\u00e9phones mais uniquement quand il y a grand soleil. <\/span><\/p>\n<p dir=\"ltr\" style=\"text-align: justify;\"><span style=\"font-size: 10pt;\">Apr\u00e8s cette petite visite,\u00a0 Intiam nous invite \u00e0 aller nous promener dans la propri\u00e9t\u00e9 pour aller nous impr\u00e9gner de l&rsquo;ambiance du lieu, de ses vibrations. Tout est tr\u00e8s beau ici, la for\u00eat, le jardin potager, les serres, les terres de culture. C&rsquo;est une nature apaisante qui nous entoure. A notre retour, il est l&rsquo;heure de manger. On rencontre les autres volontaires et les habitants de la communaut\u00e9. Avant le repas, tout le monde se met en cercle et se donne la main. Le chef cuisinier fait alors une pri\u00e8re de remerciement \u00e0 la nature, aux plantes, \u00e0 l&rsquo;air, \u00e0 la terre. La pri\u00e8re se termine par un mantra que tout le monde reprend ensemble. Puis on passe \u00e0 table. Nous d\u00e9gustons notre premier repas v\u00e9gan \u00e0 base de salade et de polenta. C&rsquo;est tr\u00e8s bon mais je vois bien que les 10 jours dans ce wwoofing ne vont pas \u00eatre simples pour Samuel qui n&rsquo;appr\u00e9cient toujours pas les l\u00e9gumes.\u00a0<\/span><\/p>\n<p dir=\"ltr\" style=\"text-align: justify;\"><span style=\"font-size: 10pt;\">Cet apr\u00e8s-midi, nous n&rsquo;avons pas de travail \u00e0 faire car nous venons tout juste d&rsquo;arriver. On a le temps d&rsquo;installer nos affaires et d&rsquo;aller faire une petite sieste pour r\u00e9cup\u00e9rer. De mon c\u00f4t\u00e9, je ne reste pas longtemps dans la chambre car je tr\u00e9pigne d&rsquo;impatience de rencontrer les autres et de discuter avec eux. Peu d&rsquo;entre eux parlent anglais et les quelques rudiments d&rsquo;espagnol que j&rsquo;ai pu apprendre ces deux derniers mois me sont bien utiles pour \u00e9changer.\u00a0<\/span><\/p>\n<p dir=\"ltr\" style=\"text-align: justify;\"><span style=\"font-size: 10pt;\">On est invit\u00e9s \u00e0 18h15 \u00e0 un temps de m\u00e9ditation, r\u00e9flexologie, harmonisation\u00a0 dans une des cabanes en bois o\u00f9 logent certains des habitants permanents de la communaut\u00e9. Les enfants jouent le jeu. Il fait plut\u00f4t froid dans la cabane mais, allong\u00e9s par terre, les yeux ferm\u00e9s, nous nous connectons \u00e0 notre pr\u00e9sent et c&rsquo;est bon. A la fin de la s\u00e9ance, tout le monde se prend dans les bras et certains s&#8217;embrassent. Nous sommes tous les 5 un peu g\u00ean\u00e9s car pas habitu\u00e9s \u00e0 ce genre de d\u00e9monstration d&rsquo;affection publique. On se regarde en se demandant si on ne serait pas tomb\u00e9s dans une secte. Personne ne nous force \u00e0 embrasser les autres, ouf ! Apr\u00e8s ce moment suspendu, nous sommes invit\u00e9s \u00e0 un second temps de m\u00e9ditation guid\u00e9 par une volontaire, Tania qui ma\u00eetrise l&rsquo;art des bols tib\u00e9tains. Simon et moi d\u00e9cidons de rester mais les enfants qui se sont d\u00e9j\u00e0 bien donn\u00e9s, repartent dans la chambre. Plus de batterie, pas de connexion, pas d&rsquo;\u00e9lectricit\u00e9. Pas facile pour les loulous. Il va falloir qu&rsquo;ils s&rsquo;adaptent une fois de plus.\u00a0<\/span><\/p>\n<p dir=\"ltr\" style=\"text-align: justify;\"><span style=\"font-size: 10pt;\">On est 18 autour de la table du soir. 10 habitants permanents et 8 volontaires. L&rsquo;une des volontaires, Agus, jeune femme surprenante de 22 ans, parle anglais et peut nous traduire quand on ne comprend pas (et c&rsquo;est assez souvent). Le repas est fait \u00e0 base de salade et de riz. Tr\u00e8s bon une fois encore. On s&rsquo;installe pour la nuit sur nos matelas avec nos duvets et on s&rsquo;endort vite car, \u00e9videmment, il n&rsquo;y a pas de lumi\u00e8re dans la chambre. Nous devons donc suivre le cycle du soleil.\u00a0<\/span><\/p>\n<p dir=\"ltr\" style=\"text-align: justify;\"><span style=\"font-size: 10pt;\">Cette premi\u00e8re journ\u00e9e fut tr\u00e8s int\u00e9ressante mais quand m\u00eame un peu d\u00e9concertante. C&rsquo;est un tout autre mode de vie que l&rsquo;on va toucher du doigt durant ces 10 jours.\u00a0<\/span><\/p>\n<p style=\"text-align: justify;\"><a href=\"https:\/\/toutdroit.voyage\/wp-content\/uploads\/2025\/03\/IMG_20250314_193835_6_11zon-scaled.jpg\"><img loading=\"lazy\" decoding=\"async\" class=\"alignnone  wp-image-2367\" src=\"https:\/\/toutdroit.voyage\/wp-content\/uploads\/2025\/03\/IMG_20250314_193835_6_11zon-300x225.jpg\" alt=\"\" width=\"276\" height=\"207\" srcset=\"https:\/\/toutdroit.voyage\/wp-content\/uploads\/2025\/03\/IMG_20250314_193835_6_11zon-300x225.jpg 300w, https:\/\/toutdroit.voyage\/wp-content\/uploads\/2025\/03\/IMG_20250314_193835_6_11zon-1024x768.jpg 1024w, https:\/\/toutdroit.voyage\/wp-content\/uploads\/2025\/03\/IMG_20250314_193835_6_11zon-768x576.jpg 768w, https:\/\/toutdroit.voyage\/wp-content\/uploads\/2025\/03\/IMG_20250314_193835_6_11zon-1536x1152.jpg 1536w, https:\/\/toutdroit.voyage\/wp-content\/uploads\/2025\/03\/IMG_20250314_193835_6_11zon-2048x1536.jpg 2048w\" sizes=\"auto, (max-width: 276px) 100vw, 276px\" \/><\/a> <a href=\"https:\/\/toutdroit.voyage\/wp-content\/uploads\/2025\/03\/IMG_20250314_182557_5_11zon-scaled.jpg\"><img loading=\"lazy\" decoding=\"async\" class=\"alignnone  wp-image-2366\" src=\"https:\/\/toutdroit.voyage\/wp-content\/uploads\/2025\/03\/IMG_20250314_182557_5_11zon-300x225.jpg\" alt=\"\" width=\"268\" height=\"201\" srcset=\"https:\/\/toutdroit.voyage\/wp-content\/uploads\/2025\/03\/IMG_20250314_182557_5_11zon-300x225.jpg 300w, https:\/\/toutdroit.voyage\/wp-content\/uploads\/2025\/03\/IMG_20250314_182557_5_11zon-1024x768.jpg 1024w, https:\/\/toutdroit.voyage\/wp-content\/uploads\/2025\/03\/IMG_20250314_182557_5_11zon-768x576.jpg 768w, https:\/\/toutdroit.voyage\/wp-content\/uploads\/2025\/03\/IMG_20250314_182557_5_11zon-1536x1152.jpg 1536w, https:\/\/toutdroit.voyage\/wp-content\/uploads\/2025\/03\/IMG_20250314_182557_5_11zon-2048x1536.jpg 2048w\" sizes=\"auto, (max-width: 268px) 100vw, 268px\" \/><\/a><\/p>\n<p dir=\"ltr\" style=\"text-align: justify;\"><strong><span style=\"font-size: 10pt;\">Samedi 15 mars 2025<\/span><\/strong><\/p>\n<p dir=\"ltr\" style=\"text-align: justify;\"><span style=\"font-size: 10pt;\">Kilampa \/ Nuages et soleil \/ 18\u00b0<\/span><\/p>\n<p dir=\"ltr\" style=\"text-align: justify;\"><span style=\"font-size: 10pt;\">On fait sonner le r\u00e9veil \u00e0 7h20 car le petit d\u00e9jeuner est pr\u00e9vu chaque matin entre 7h30 et 8h15, sauf le dimanche qui est un jour off. Sur la table <\/span><span style=\"font-size: 10pt;\">point de brioche dor\u00e9e, de pain aux c\u00e9r\u00e9ales, de croissants au beurre ou de pains au chocolat, point de Nutella, de beurre, de confiture, de fromage ni m\u00eame d&rsquo;\u0153uf. Ce premier repas de la journ\u00e9e rime avec frugalit\u00e9. Quelques pommes, un peu de raisin, des noix et voil\u00e0. Il y a \u00e9galement une bouillie d&rsquo;avoine et une sorte yahourt liquide au lait v\u00e9g\u00e9tal ferment\u00e9 avec un dr\u00f4le de go\u00fbt. Pour ce premier matin, Nino (qui a tr\u00e8s faim) a le malheur de tout m\u00e9langer. Le r\u00e9sultat n&rsquo;est pas \u00e0 la hauteur de ses esp\u00e9rances (c&rsquo;est le moins que l&rsquo;on puisse dire) et c&rsquo;est le c\u0153ur au bord des l\u00e8vres qu&rsquo;il se force \u00e0 tout avaler.\u00a0 Nous le regardons admiratifs. On a vraiment l&rsquo;impression qu&rsquo;il va vomir mais non, il r\u00e9siste et gobe l&rsquo;int\u00e9gralit\u00e9 de son bol. Chapeau !!!<\/span><\/p>\n<p dir=\"ltr\" style=\"text-align: justify;\"><span style=\"font-size: 10pt;\">8h30, tous en cercle. C&rsquo;est le moment du r\u00e9veil musculaire. Intiam nous propose tout un tas d&rsquo;exercices d&rsquo;\u00e9chauffement qui ressemblent \u00e0 ceux de mes cours de th\u00e9\u00e2tre ou aux entrainements de nos grimpeurs. Un peu de respiration, d&rsquo;activation, de circulation et d&rsquo;harmonisation. 30 minutes tr\u00e8s agr\u00e9ables qui se terminent par une petite chanson : \u00ab\u00a0Buen dia Madre Tierra, buen dia Padre Sol, Buen dia hermano Pajaro, tanbiem hermana Flor, Buen dia todos, Buen dia mi\u00a0\u00bb. A la fin de ce rituel, Intiam nous r\u00e9partit en <\/span><span style=\"font-size: 10pt;\">deux \u00e9quipe : le groupe de ramassage de noix et le groupe effeuillage de plantes. Aujourd&rsquo;hui, les gar\u00e7ons ne peuvent pas faire de CNED car pas d&rsquo;\u00e9lectricit\u00e9 et pas de connexion internet. Ils travailleront donc avec nous. <\/span><span style=\"font-size: 10pt;\">Adam et Nino partent r\u00e9colter les noix. Simon, Sam et moi allons effeuiller des branches de plantes s\u00e9ch\u00e9es pour en faire des tisanes destin\u00e9es soit \u00e0 la consommation de la communaut\u00e9, soit \u00e0 de l&rsquo;\u00e9change inter-communaut\u00e9s, soit \u00e0 de la vente.\u00a0 En effet, le mod\u00e8le \u00e9conomique de la communaut\u00e9 repose en grande partie sur le troc avec d&rsquo;autres communaut\u00e9s mais aussi sur les recettes provenant de leur produits.\u00a0<\/span><\/p>\n<p dir=\"ltr\"><a href=\"https:\/\/toutdroit.voyage\/wp-content\/uploads\/2025\/03\/IMG_20250315_111708_8_11zon-scaled.jpg\"><img loading=\"lazy\" decoding=\"async\" class=\"alignnone size-medium wp-image-2369\" src=\"https:\/\/toutdroit.voyage\/wp-content\/uploads\/2025\/03\/IMG_20250315_111708_8_11zon-300x225.jpg\" alt=\"\" width=\"300\" height=\"225\" srcset=\"https:\/\/toutdroit.voyage\/wp-content\/uploads\/2025\/03\/IMG_20250315_111708_8_11zon-300x225.jpg 300w, https:\/\/toutdroit.voyage\/wp-content\/uploads\/2025\/03\/IMG_20250315_111708_8_11zon-1024x768.jpg 1024w, https:\/\/toutdroit.voyage\/wp-content\/uploads\/2025\/03\/IMG_20250315_111708_8_11zon-768x576.jpg 768w, https:\/\/toutdroit.voyage\/wp-content\/uploads\/2025\/03\/IMG_20250315_111708_8_11zon-1536x1152.jpg 1536w, https:\/\/toutdroit.voyage\/wp-content\/uploads\/2025\/03\/IMG_20250315_111708_8_11zon-2048x1536.jpg 2048w\" sizes=\"auto, (max-width: 300px) 100vw, 300px\" \/><\/a> <a href=\"https:\/\/toutdroit.voyage\/wp-content\/uploads\/2025\/03\/IMG_20250315_111429_7_11zon.jpg\"><img loading=\"lazy\" decoding=\"async\" class=\"alignnone  wp-image-2368\" src=\"https:\/\/toutdroit.voyage\/wp-content\/uploads\/2025\/03\/IMG_20250315_111429_7_11zon-169x300.jpg\" alt=\"\" width=\"127\" height=\"225\" srcset=\"https:\/\/toutdroit.voyage\/wp-content\/uploads\/2025\/03\/IMG_20250315_111429_7_11zon-169x300.jpg 169w, https:\/\/toutdroit.voyage\/wp-content\/uploads\/2025\/03\/IMG_20250315_111429_7_11zon-576x1024.jpg 576w, https:\/\/toutdroit.voyage\/wp-content\/uploads\/2025\/03\/IMG_20250315_111429_7_11zon-768x1365.jpg 768w, https:\/\/toutdroit.voyage\/wp-content\/uploads\/2025\/03\/IMG_20250315_111429_7_11zon-864x1536.jpg 864w, https:\/\/toutdroit.voyage\/wp-content\/uploads\/2025\/03\/IMG_20250315_111429_7_11zon.jpg 1080w\" sizes=\"auto, (max-width: 127px) 100vw, 127px\" \/><\/a><\/p>\n<p dir=\"ltr\" style=\"text-align: justify;\"><span style=\"font-size: 10pt;\">Tout le monde travaille de bon c\u0153ur sauf Nino qui d\u00e9teste ramasser des noix. Bon, soyons honn\u00eates, ce n&rsquo;est pas violent comme boulot. On nous explique m\u00eame que, d\u00e8s qu&rsquo;on est fatigu\u00e9s, on doit faire une pause et que, si \u00e0 un moment, on a envie de s&rsquo;assoir dans la for\u00eat pour communier avec la nature, c&rsquo;est ok. Nous ne sommes pas trop habitu\u00e9s \u00e0 cette fa\u00e7on de faire mais, encore une fois, on s&rsquo;adapte. Simon a tr\u00e8s tr\u00e8s envie de se donner \u00e0 fond et je sens qu&rsquo;il tr\u00e9pigne un peu.\u00a0<\/span><\/p>\n<p dir=\"ltr\" style=\"text-align: justify;\"><span style=\"font-size: 10pt;\">A l&rsquo;atelier effeuillage, c&rsquo;est Corine qui nous explique comment proc\u00e9der. Nous parlons avec elle du mode de vie d&rsquo;ici et du fonctionnement de la communaut\u00e9. C&rsquo;est vraiment passionnant. <\/span><span style=\"font-size: 10pt;\">Ce n&rsquo;est pas \u00e9vident d&rsquo;\u00e9changer mais les quelques bribes d&rsquo;espagnol apprises permettent de nous comprendre un minimum.\u00a0<\/span><\/p>\n<p dir=\"ltr\" style=\"text-align: justify;\"><span style=\"font-size: 10pt;\"><a href=\"https:\/\/toutdroit.voyage\/wp-content\/uploads\/2025\/03\/IMG_20250315_143127_9_11zon-scaled.jpg\"><img loading=\"lazy\" decoding=\"async\" class=\"size-medium wp-image-2370 alignleft\" src=\"https:\/\/toutdroit.voyage\/wp-content\/uploads\/2025\/03\/IMG_20250315_143127_9_11zon-300x225.jpg\" alt=\"\" width=\"300\" height=\"225\" srcset=\"https:\/\/toutdroit.voyage\/wp-content\/uploads\/2025\/03\/IMG_20250315_143127_9_11zon-300x225.jpg 300w, https:\/\/toutdroit.voyage\/wp-content\/uploads\/2025\/03\/IMG_20250315_143127_9_11zon-1024x768.jpg 1024w, https:\/\/toutdroit.voyage\/wp-content\/uploads\/2025\/03\/IMG_20250315_143127_9_11zon-768x576.jpg 768w, https:\/\/toutdroit.voyage\/wp-content\/uploads\/2025\/03\/IMG_20250315_143127_9_11zon-1536x1152.jpg 1536w, https:\/\/toutdroit.voyage\/wp-content\/uploads\/2025\/03\/IMG_20250315_143127_9_11zon-2048x1536.jpg 2048w\" sizes=\"auto, (max-width: 300px) 100vw, 300px\" \/><\/a>11h30 : pause pour boire un th\u00e9 et manger une petite collation (avec des pommes, du raisin, des noix et de la bouillie)<\/span><\/p>\n<p dir=\"ltr\" style=\"text-align: justify;\"><span style=\"font-size: 10pt;\">12h : rotation des \u00e9quipes. Les effeuilleurs deviennent ramasseurs de noix et les ramasseurs &#8230; restent ramasseurs au grand dam de notre Nino qui n&rsquo;en peut plus des noix !!!<\/span><\/p>\n<p dir=\"ltr\" style=\"text-align: justify;\"><span style=\"font-size: 10pt;\">13h30 : la cloche sonne. Le repas est pr\u00eat. Comme de coutume, cercle de gratitude avec le repas et mets v\u00e9gans, au grand dam de Samuel.<\/span><\/p>\n<p dir=\"ltr\" style=\"text-align: justify;\"><span style=\"font-size: 10pt;\">Le feu de bois pour chauffer l&rsquo;eau des sanitaires a \u00e9t\u00e9 allum\u00e9. Youpi !! Nino et moi en profitons pour prendre une bonne douche chaude. Chouette car \u00e7a n&rsquo;arrive que tous les deux ou trois jours. Ca nous fait un bien fou, surtout \u00e0 Nino qui reprend un peu de positive attitude.\u00a0<\/span><\/p>\n<p dir=\"ltr\" style=\"text-align: justify;\"><span style=\"font-size: 10pt;\"><span style=\"font-size: 10pt; text-align: justify; color: initial;\"><a href=\"https:\/\/toutdroit.voyage\/wp-content\/uploads\/2025\/04\/IMG_20250315_154142-scaled.jpg\"><img loading=\"lazy\" decoding=\"async\" class=\" wp-image-2503 alignright\" src=\"https:\/\/toutdroit.voyage\/wp-content\/uploads\/2025\/04\/IMG_20250315_154142-225x300.jpg\" alt=\"\" width=\"172\" height=\"229\" srcset=\"https:\/\/toutdroit.voyage\/wp-content\/uploads\/2025\/04\/IMG_20250315_154142-225x300.jpg 225w, https:\/\/toutdroit.voyage\/wp-content\/uploads\/2025\/04\/IMG_20250315_154142-768x1024.jpg 768w, https:\/\/toutdroit.voyage\/wp-content\/uploads\/2025\/04\/IMG_20250315_154142-1152x1536.jpg 1152w, https:\/\/toutdroit.voyage\/wp-content\/uploads\/2025\/04\/IMG_20250315_154142-1536x2048.jpg 1536w, https:\/\/toutdroit.voyage\/wp-content\/uploads\/2025\/04\/IMG_20250315_154142-scaled.jpg 1920w\" sizes=\"auto, (max-width: 172px) 100vw, 172px\" \/><\/a>Cet apr\u00e8s-midi, nous sommes au taquet mais &#8230; pas de boulot. En fait, le samedi apr\u00e8s-midi et le dimanche, c&rsquo;est off. On propose une partie de S\u00e9quence puis, peu \u00e0 peu, tous les convives se dispersent pour vaquer \u00e0 leurs occupations et nous nous retrouvons tous les 5. On ne peut pas dire qu&rsquo;on soit \u00e9puis\u00e9s par la t\u00e2che mais on en profite pour faire d&rsquo;autres choses : jeux, sieste, lecture. Tout sauf du CNED et des \u00e9crans. Mais que vont faire les enfants ???? Eh bien, Adam et Sam partent tout simplement explorer la propri\u00e9t\u00e9 et sont enchant\u00e9s par la d\u00e9couverte de merveilleux rochers et de passages secrets.\u00a0 Nino, Simon et moi faisons des jeux de cartes. <\/span><\/span><\/p>\n<p dir=\"ltr\" style=\"text-align: justify;\"><span style=\"font-size: 10pt;\">Vers 18h30, toujours personne. Nous nous demandons si un repas est pr\u00e9vu le soir ou s&rsquo;il faut se d\u00e9brouiller tout seuls. On n&rsquo;ose toucher \u00e0 rien. Finalement, vers 19h30, nos h\u00f4tes r\u00e9apparaissent et s&rsquo;activent en cuisine. La nuit tombe peu \u00e0 peu et nous\u00a0 finissons par manger tous ensemble. <\/span><span style=\"font-size: 10pt;\">Les discussions vont bien train.\u00a0 On nous interroge sur notre aventure de l&rsquo;ann\u00e9e. On explique notre projet. Les gens sont tr\u00e8s int\u00e9ress\u00e9s. Ils posent plein de questions. On parle en espagnol, en anglais, en italien, en fran\u00e7ais et en langue des signes.\u00a0<\/span><\/p>\n<p dir=\"ltr\" style=\"text-align: justify;\"><span style=\"font-size: 10pt;\">En allant nous coucher, Nino nous confie qu&rsquo;il ne se sent pas bien ici. Que \u00e7a fait beaucoup de choses pas faciles auxquelles il faut s&rsquo;adapter : la langue, la bouffe, les conditions sanitaires&#8230; En plus, il n&rsquo;aime pas faire des t\u00e2ches qui semblent ne pas avoir de fin (comme le ramassage de noix par exemple). Il est vraiment morose et nous dit qu&rsquo;il souhaiterait partir plus t\u00f4t. Nous sommes bien ennuy\u00e9s avec Simon mais avons confiance en notre kiki. D&rsquo;ici quelques jours, il va arriver \u00e0 s&rsquo;adapter \u00e0 n&rsquo;en pas douter.<\/span><\/p>\n<p style=\"text-align: justify;\">\u00a0<\/p>\n<p dir=\"ltr\" style=\"text-align: justify;\"><strong><span style=\"font-size: 10pt;\">Dimanche 16 mars 2025<\/span><\/strong><\/p>\n<p dir=\"ltr\" style=\"text-align: justify;\"><span style=\"font-size: 10pt;\">Kilampa \/ temps variable \/ 18\u00b0<\/span><\/p>\n<p dir=\"ltr\" style=\"text-align: justify;\"><span style=\"font-size: 10pt;\">Pas de r\u00e9veil ce matin, c&rsquo;est day off. On ne sait pas bien comment cette journ\u00e9e va se d\u00e9rouler. On est un peu en roue libre. Les enfants veulent, depuis leur excursion de la veille, nous emmener au travers de la propri\u00e9t\u00e9 pour nous montrer leurs d\u00e9couvertes. Nous partons donc \u00e0 l&rsquo;aventure avec eux, ils nous entra\u00eenent et nous voil\u00e0 \u00e0 escalader, ramper et d\u00e9couvrir de belles vues. Ils nous pr\u00e9sentent des endroits incroyables, rochers fendus, jungle luxuriante. Ils ont nomm\u00e9 les diff\u00e9rents lieux : il y a notamment Op\u00e9ra et View Point. N<\/span><span style=\"font-size: 10pt;\">ous faisons une pause sur un rocher nous offrant une incroyable vue panoramique. Nous appellerons cet endroit \u00ab\u00a0Family break\u00a0\u00bb.\u00a0<\/span><\/p>\n<p dir=\"ltr\"><a href=\"https:\/\/toutdroit.voyage\/wp-content\/uploads\/2025\/03\/IMG_20250316_162619_2_11zon-scaled.jpg\"><img loading=\"lazy\" decoding=\"async\" class=\"alignnone  wp-image-2375\" src=\"https:\/\/toutdroit.voyage\/wp-content\/uploads\/2025\/03\/IMG_20250316_162619_2_11zon-225x300.jpg\" alt=\"\" width=\"162\" height=\"216\" srcset=\"https:\/\/toutdroit.voyage\/wp-content\/uploads\/2025\/03\/IMG_20250316_162619_2_11zon-225x300.jpg 225w, https:\/\/toutdroit.voyage\/wp-content\/uploads\/2025\/03\/IMG_20250316_162619_2_11zon-768x1024.jpg 768w, https:\/\/toutdroit.voyage\/wp-content\/uploads\/2025\/03\/IMG_20250316_162619_2_11zon-1152x1536.jpg 1152w, https:\/\/toutdroit.voyage\/wp-content\/uploads\/2025\/03\/IMG_20250316_162619_2_11zon-1536x2048.jpg 1536w, https:\/\/toutdroit.voyage\/wp-content\/uploads\/2025\/03\/IMG_20250316_162619_2_11zon-scaled.jpg 1920w\" sizes=\"auto, (max-width: 162px) 100vw, 162px\" \/><\/a> <a href=\"https:\/\/toutdroit.voyage\/wp-content\/uploads\/2025\/03\/IMG_20250316_113143_1_11zon-scaled.jpg\"><img loading=\"lazy\" decoding=\"async\" class=\"alignnone  wp-image-2374\" src=\"https:\/\/toutdroit.voyage\/wp-content\/uploads\/2025\/03\/IMG_20250316_113143_1_11zon-225x300.jpg\" alt=\"\" width=\"162\" height=\"216\" srcset=\"https:\/\/toutdroit.voyage\/wp-content\/uploads\/2025\/03\/IMG_20250316_113143_1_11zon-225x300.jpg 225w, https:\/\/toutdroit.voyage\/wp-content\/uploads\/2025\/03\/IMG_20250316_113143_1_11zon-768x1024.jpg 768w, https:\/\/toutdroit.voyage\/wp-content\/uploads\/2025\/03\/IMG_20250316_113143_1_11zon-1152x1536.jpg 1152w, https:\/\/toutdroit.voyage\/wp-content\/uploads\/2025\/03\/IMG_20250316_113143_1_11zon-1536x2048.jpg 1536w, https:\/\/toutdroit.voyage\/wp-content\/uploads\/2025\/03\/IMG_20250316_113143_1_11zon-scaled.jpg 1920w\" sizes=\"auto, (max-width: 162px) 100vw, 162px\" \/><\/a> <a href=\"https:\/\/toutdroit.voyage\/wp-content\/uploads\/2025\/04\/IMG_20250316_113718_1_11zon-scaled.jpg\"><img loading=\"lazy\" decoding=\"async\" class=\"alignnone  wp-image-2505\" src=\"https:\/\/toutdroit.voyage\/wp-content\/uploads\/2025\/04\/IMG_20250316_113718_1_11zon-225x300.jpg\" alt=\"\" width=\"164\" height=\"219\" srcset=\"https:\/\/toutdroit.voyage\/wp-content\/uploads\/2025\/04\/IMG_20250316_113718_1_11zon-225x300.jpg 225w, https:\/\/toutdroit.voyage\/wp-content\/uploads\/2025\/04\/IMG_20250316_113718_1_11zon-768x1024.jpg 768w, https:\/\/toutdroit.voyage\/wp-content\/uploads\/2025\/04\/IMG_20250316_113718_1_11zon-1152x1536.jpg 1152w, https:\/\/toutdroit.voyage\/wp-content\/uploads\/2025\/04\/IMG_20250316_113718_1_11zon-1536x2048.jpg 1536w, https:\/\/toutdroit.voyage\/wp-content\/uploads\/2025\/04\/IMG_20250316_113718_1_11zon-scaled.jpg 1920w\" sizes=\"auto, (max-width: 164px) 100vw, 164px\" \/><\/a><\/p>\n<p dir=\"ltr\"><a href=\"https:\/\/toutdroit.voyage\/wp-content\/uploads\/2025\/03\/IMG_20250316_104803_12_11zon-scaled.jpg\"><img loading=\"lazy\" decoding=\"async\" class=\"alignnone  wp-image-2373\" src=\"https:\/\/toutdroit.voyage\/wp-content\/uploads\/2025\/03\/IMG_20250316_104803_12_11zon-300x225.jpg\" alt=\"\" width=\"291\" height=\"218\" srcset=\"https:\/\/toutdroit.voyage\/wp-content\/uploads\/2025\/03\/IMG_20250316_104803_12_11zon-300x225.jpg 300w, https:\/\/toutdroit.voyage\/wp-content\/uploads\/2025\/03\/IMG_20250316_104803_12_11zon-1024x768.jpg 1024w, https:\/\/toutdroit.voyage\/wp-content\/uploads\/2025\/03\/IMG_20250316_104803_12_11zon-768x576.jpg 768w, https:\/\/toutdroit.voyage\/wp-content\/uploads\/2025\/03\/IMG_20250316_104803_12_11zon-1536x1152.jpg 1536w, https:\/\/toutdroit.voyage\/wp-content\/uploads\/2025\/03\/IMG_20250316_104803_12_11zon-2048x1536.jpg 2048w\" sizes=\"auto, (max-width: 291px) 100vw, 291px\" \/><\/a><\/p>\n<p dir=\"ltr\" style=\"text-align: justify;\"><span style=\"font-size: 10pt;\">\u00c0 notre retour, nous apprenons que nous avons rat\u00e9 le d\u00e9part de certains volontaires vers le Rio, une rivi\u00e8re o\u00f9 l&rsquo;on peut se baigner. Le lieu n&rsquo;est pas loin. Il n&rsquo;est qu&rsquo;\u00e0 5km d&rsquo;ici. Ce ne sera que partie remise. On se retrouve avec les autres volontaires et membres de la communaut\u00e9 qui sont rest\u00e9s l\u00e0. On joue aux cartes puis c&rsquo;est l&rsquo;heure du repas. C&rsquo;est aussi le tour de Simon, Adam et Samuel de profiter de la douche chaude. Un d\u00e9lice !<\/span><\/p>\n<p dir=\"ltr\" style=\"text-align: justify;\"><span style=\"font-size: 10pt;\">Il est pr\u00e9vu un temps de CNED pour les gar\u00e7ons avec le reste de batterie de leurs ordinateurs mais Samuel rechigne. Simon use de toute sa capacit\u00e9 de persuasion mais fait chou blanc. Qu&rsquo;\u00e0 cela ne tienne, il fait beau alors on en profite pour aller se balader tous les cinq. On escalade \u00e0 nouveau des gros rochers, on esquive les pics, on se griffent aux m\u00e9chantes plantes piquantes (dont je ne connais pas le nom). Les environs sont magnifiques, les collines, les vall\u00e9es, le relief et la v\u00e9g\u00e9tation. On savoure ce moment.<\/span><\/p>\n<p dir=\"ltr\" style=\"text-align: justify;\"><span style=\"font-size: 10pt;\"><a href=\"https:\/\/toutdroit.voyage\/wp-content\/uploads\/2025\/03\/IMG_20250315_192223_10_11zon.jpg\"><img loading=\"lazy\" decoding=\"async\" class=\"size-medium wp-image-2371 alignright\" src=\"https:\/\/toutdroit.voyage\/wp-content\/uploads\/2025\/03\/IMG_20250315_192223_10_11zon-169x300.jpg\" alt=\"\" width=\"169\" height=\"300\" srcset=\"https:\/\/toutdroit.voyage\/wp-content\/uploads\/2025\/03\/IMG_20250315_192223_10_11zon-169x300.jpg 169w, https:\/\/toutdroit.voyage\/wp-content\/uploads\/2025\/03\/IMG_20250315_192223_10_11zon-576x1024.jpg 576w, https:\/\/toutdroit.voyage\/wp-content\/uploads\/2025\/03\/IMG_20250315_192223_10_11zon-768x1365.jpg 768w, https:\/\/toutdroit.voyage\/wp-content\/uploads\/2025\/03\/IMG_20250315_192223_10_11zon-864x1536.jpg 864w, https:\/\/toutdroit.voyage\/wp-content\/uploads\/2025\/03\/IMG_20250315_192223_10_11zon.jpg 1080w\" sizes=\"auto, (max-width: 169px) 100vw, 169px\" \/><\/a><a href=\"https:\/\/toutdroit.voyage\/wp-content\/uploads\/2025\/04\/IMG_20250315_193115-rotated.jpg\"><img loading=\"lazy\" decoding=\"async\" class=\"size-medium wp-image-2504 alignright\" src=\"https:\/\/toutdroit.voyage\/wp-content\/uploads\/2025\/04\/IMG_20250315_193115-169x300.jpg\" alt=\"\" width=\"169\" height=\"300\" srcset=\"https:\/\/toutdroit.voyage\/wp-content\/uploads\/2025\/04\/IMG_20250315_193115-169x300.jpg 169w, https:\/\/toutdroit.voyage\/wp-content\/uploads\/2025\/04\/IMG_20250315_193115-576x1024.jpg 576w, https:\/\/toutdroit.voyage\/wp-content\/uploads\/2025\/04\/IMG_20250315_193115-768x1365.jpg 768w, https:\/\/toutdroit.voyage\/wp-content\/uploads\/2025\/04\/IMG_20250315_193115-864x1536.jpg 864w, https:\/\/toutdroit.voyage\/wp-content\/uploads\/2025\/04\/IMG_20250315_193115-rotated.jpg 1080w\" sizes=\"auto, (max-width: 169px) 100vw, 169px\" \/><\/a>De retour \u00e0 Kilampa, les enfants sont enfin pr\u00eats \u00e0 travailler, je m&rsquo;active donc \u00e0 encha\u00eener de s\u00e9ances de fran\u00e7ais avec Samuel. Adam lit \u00ab\u00a0La b\u00eate humaine\u00a0\u00bb d&rsquo;Emile Zola Il est sid\u00e9r\u00e9 par l&rsquo;histoire qui est horrible et cruelle. Pendant ce temps Nino et Simon jouent encore avec les autres volontaires.\u00a0 <\/span><span style=\"font-size: 10pt;\">Apr\u00e8s le CNED, un peu de lecture, de rolla bolla (Samuel et Adam sont au top) et de freesbee et l&rsquo;heure du repas arrive vite. On retrouve le go\u00fbt du pain ce soir, le repas est en mode sandwich avec deux sortes de pain, des l\u00e9gumes, du caviar d&rsquo;aubergines et du riz. Samuel peut enfin manger \u00e0 sa faim.\u00a0<\/span><\/p>\n<p dir=\"ltr\" style=\"text-align: justify;\"><span style=\"font-size: 10pt;\">A la fin du repas, les enfants partent dans leurs souvenirs d&rsquo;enfance, c&rsquo;est un doux moment partag\u00e9, ils ont l&rsquo;air heureux. M\u00eame Nino qui, peu \u00e0 peu, commence \u00e0 s&rsquo;acclimater. <\/span><span style=\"font-size: 10pt;\">On part se coucher en poursuivant la discussion autour de ces souvenirs si proche et si lointains \u00e0 la fois (notamment des souvenirs du bateau) avec un peu de nostalgie.<\/span><\/p>\n","protected":false},"excerpt":{"rendered":"<p>\u00a0Jeudi 13 mars 2025 Cordoba\/ Soleil \/ 19\u00b0 Arriv\u00e9e \u00e0 Cordoba \u00e0 8h du matin, on est crev\u00e9s. On prend un petit dej rapidement \u00e0 la station de bus et on rejoint directement l&rsquo;h\u00f4tel qui a eu la gentillesse de&hellip; <\/p>\n","protected":false},"author":2,"featured_media":0,"comment_status":"open","ping_status":"closed","sticky":false,"template":"","format":"standard","meta":{"footnotes":""},"categories":[15,1],"tags":[],"class_list":["post-2431","post","type-post","status-publish","format-standard","hentry","category-mars-25-chili-argentine","category-non-classe"],"_links":{"self":[{"href":"https:\/\/toutdroit.voyage\/index.php\/wp-json\/wp\/v2\/posts\/2431","targetHints":{"allow":["GET"]}}],"collection":[{"href":"https:\/\/toutdroit.voyage\/index.php\/wp-json\/wp\/v2\/posts"}],"about":[{"href":"https:\/\/toutdroit.voyage\/index.php\/wp-json\/wp\/v2\/types\/post"}],"author":[{"embeddable":true,"href":"https:\/\/toutdroit.voyage\/index.php\/wp-json\/wp\/v2\/users\/2"}],"replies":[{"embeddable":true,"href":"https:\/\/toutdroit.voyage\/index.php\/wp-json\/wp\/v2\/comments?post=2431"}],"version-history":[{"count":17,"href":"https:\/\/toutdroit.voyage\/index.php\/wp-json\/wp\/v2\/posts\/2431\/revisions"}],"predecessor-version":[{"id":2526,"href":"https:\/\/toutdroit.voyage\/index.php\/wp-json\/wp\/v2\/posts\/2431\/revisions\/2526"}],"wp:attachment":[{"href":"https:\/\/toutdroit.voyage\/index.php\/wp-json\/wp\/v2\/media?parent=2431"}],"wp:term":[{"taxonomy":"category","embeddable":true,"href":"https:\/\/toutdroit.voyage\/index.php\/wp-json\/wp\/v2\/categories?post=2431"},{"taxonomy":"post_tag","embeddable":true,"href":"https:\/\/toutdroit.voyage\/index.php\/wp-json\/wp\/v2\/tags?post=2431"}],"curies":[{"name":"wp","href":"https:\/\/api.w.org\/{rel}","templated":true}]}}