{"id":1850,"date":"2025-02-24T23:15:54","date_gmt":"2025-02-24T22:15:54","guid":{"rendered":"https:\/\/toutdroit.voyage\/?p=1850"},"modified":"2025-02-24T23:15:55","modified_gmt":"2025-02-24T22:15:55","slug":"reflexion-a-mi-parcours","status":"publish","type":"post","link":"https:\/\/toutdroit.voyage\/index.php\/2025\/02\/24\/reflexion-a-mi-parcours\/","title":{"rendered":"R\u00e9flexion \u00e0 mi-parcours"},"content":{"rendered":"\n<p dir=\"ltr\" style=\"text-align: justify;\"><em><span style=\"font-size: 10pt;\">Dans cet article, je ne parle pas en mon nom mais pour nous 5. <\/span><\/em><\/p>\n<p dir=\"ltr\" style=\"text-align: justify;\"><span style=\"font-size: 10pt;\"><a href=\"https:\/\/toutdroit.voyage\/wp-content\/uploads\/2024\/11\/IMG-20241127-WA0071.jpg\"><img loading=\"lazy\" decoding=\"async\" class=\"size-medium wp-image-1140 alignleft\" src=\"https:\/\/toutdroit.voyage\/wp-content\/uploads\/2024\/11\/IMG-20241127-WA0071-225x300.jpg\" alt=\"\" width=\"225\" height=\"300\" srcset=\"https:\/\/toutdroit.voyage\/wp-content\/uploads\/2024\/11\/IMG-20241127-WA0071-225x300.jpg 225w, https:\/\/toutdroit.voyage\/wp-content\/uploads\/2024\/11\/IMG-20241127-WA0071-768x1024.jpg 768w, https:\/\/toutdroit.voyage\/wp-content\/uploads\/2024\/11\/IMG-20241127-WA0071-1152x1536.jpg 1152w, https:\/\/toutdroit.voyage\/wp-content\/uploads\/2024\/11\/IMG-20241127-WA0071.jpg 1200w\" sizes=\"auto, (max-width: 225px) 100vw, 225px\" \/><\/a>D\u00e9j\u00e0 5 mois que nous sommes partis. 5 mois sur 10. La moiti\u00e9 de notre voyage. Encore 5 mois \u00e0 partager, plus que 5 mois \u00e0 d\u00e9couvrir.<\/span><\/p>\n<p dir=\"ltr\" style=\"text-align: justify;\"><span style=\"font-size: 10pt;\">Le point de vue selon lequel nous envisageons les choses change notre \u00e9tat d&rsquo;esprit cr\u00e9ant parfois de la nostalgie, de l&rsquo;angoisse, de l&rsquo;excitation ou de la joie. C&rsquo;est notre capacit\u00e9 \u00e0 appr\u00e9hender le temps qui passe et celui qui reste qui nous permet de vivre le moment pr\u00e9sent pleinement.\u00a0<\/span><\/p>\n<p dir=\"ltr\" style=\"text-align: justify;\"><span style=\"font-size: 10pt;\">L&rsquo;un des luxes de ce voyage est de ne plus savoir quel jour on est. Plus de semaine, plus de weekend, plus de vendredi soir heureux et de dimanche soir angoiss\u00e9. Les rep\u00e8res se perdent et c&rsquo;est bon ! C<\/span><span style=\"font-size: 10pt;\">es 5 mois n&rsquo;ont pas \u00e9t\u00e9 toujours faciles. Il y a des moments o\u00f9 on en a marre et on voudrait \u00eatre chez nous avec nos proches, des moments o\u00f9 on perd un peu le sens du voyage, des moments de doute. Mais ce qui se d\u00e9gage surtout c&rsquo;est la joie. La joie d&rsquo;\u00eatre l\u00e0, tous les cinq, et de vivre cette aventure unique ensemble. Quelle chance !<\/span><\/p>\n<p dir=\"ltr\" style=\"text-align: justify;\"><span style=\"font-size: 10pt;\">On pourrait dire que ce n&rsquo;est pas de la chance car ce voyage n&rsquo;est rien d&rsquo;autre que l&rsquo;aboutissement d&rsquo;un long travail de r\u00e9flexions, le r\u00e9sultat de discussions et de recherches. C&rsquo;est vrai. Nous avons su saisir les occasions qui nous ont \u00e9t\u00e9 offertes et convertir nos difficult\u00e9s et d\u00e9ceptions en opportunit\u00e9s. C&rsquo;est notre force. Autrement dit, nous avons fait en sorte que les \u00e9toiles s&rsquo;alignent au bon endroit et au bon moment. Cependant, le mot \u00ab\u00a0chance\u00a0\u00bb fait aussi partie de notre aventure et pour des tas de raisons.\u00a0<\/span><\/p>\n<p dir=\"ltr\" style=\"text-align: justify;\"><span style=\"font-size: 10pt;\">Quelle chance d&rsquo;\u00eatre en excellente sant\u00e9 tous les 5 pour nous permettre de vivre sans limite !<\/span><\/p>\n<p dir=\"ltr\" style=\"text-align: justify;\"><span style=\"font-size: 10pt;\">Quelle chance de pouvoir se mouvoir sans contrainte d&rsquo;un endroit \u00e0 l&rsquo;autre de la Terre quand certains attendent des jours, des semaines, des mois voire des ann\u00e9es pour pouvoir aller reconstruire une vie en s\u00e9curit\u00e9 dans un autre Etat !<\/span><\/p>\n<p dir=\"ltr\"><span style=\"font-size: 10pt;\">Quelle chance d&rsquo;avoir les moyens financiers de pouvoir r\u00e9aliser ce r\u00eave !<\/span><\/p>\n<p dir=\"ltr\"><span style=\"font-size: 10pt;\">Quelle chance de pouvoir admirer les merveilles de la Nature que nous savons en grand danger !<\/span><\/p>\n<p dir=\"ltr\"><span style=\"font-size: 10pt;\">Quelle chance de pouvoir nous d\u00e9placer d&rsquo;un continent \u00e0 l&rsquo;autre sans craindre un virus mortel !<\/span><\/p>\n<p dir=\"ltr\"><span style=\"font-size: 10pt;\">Quelle chance d&rsquo;avoir des proches qui nous soutiennent dans notre aventure et nous reboostent dans les moments de doute !<\/span><\/p>\n<p dir=\"ltr\" style=\"text-align: justify;\"><span style=\"font-size: 10pt;\">Quelle chance de nous aimer suffisamment tous les 5 pour partager le quotidien, parfois dans une grande promiscuit\u00e9, sans nous entretuer !\u00a0<\/span><\/p>\n<p dir=\"ltr\" style=\"text-align: justify;\"><span style=\"font-size: 10pt;\">Quelle chance de faire des rencontres incroyables avec des gens formidables !<\/span><\/p>\n<p dir=\"ltr\" style=\"text-align: justify;\"><span style=\"font-size: 10pt;\">Nous sommes pleinement conscients de cette chance et sommes emplis de gratitude pour ce cadeau qui nous est offert.\u00a0<\/span><\/p>\n<p dir=\"ltr\" style=\"text-align: justify;\"><span style=\"font-size: 10pt;\">Notre choix de ne pas partir en tant que simples touristes mais de nous engager dans des projets de volontariats donne clairement du sens \u00e0 notre voyage. Cette fa\u00e7on de d\u00e9couvrir le monde est passionnante mais aussi parfois d\u00e9concertante. Les personnes que nous rencontrons ne partagent pas forc\u00e9ment nos valeurs, nos points de vue, nos convictions politiques, religieuses, philosophiques ou \u00e9ducatives mais peu importe. L&rsquo;essentiel est l&rsquo;\u00e9change. Essayer de comprendre l&rsquo;autre, \u00e9largir notre vision du monde. En ce sens, nous pensons avoir fait le bon choix.<\/span><\/p>\n<p dir=\"ltr\" style=\"text-align: justify;\"><span style=\"font-size: 13.3333px;\">Cependant, nous ne pouvons nous emp\u00eacher de nous questionner sur la forte contradiction entre nos valeurs et nos actes. Avec ce projet de voyage autour du monde, nous souhaitons soutenir les projets de bio-diversit\u00e9 mais nous prenons l&rsquo;avion. Est-on bien en accord avec nos id\u00e9es ? Mais alors, comment rencontrer l&rsquo;Autre si l&rsquo;on ne vient pas \u00e0 lui ? Et est-on oblig\u00e9 de partir si loin pour d\u00e9couvrir cet Autre ? Ces culpabilisantes questions n&rsquo;ont pas encore trouv\u00e9 de r\u00e9ponse et je ne sais pas si elles en trouveront une un jour.\u00a0<\/span><\/p>\n<p dir=\"ltr\" style=\"text-align: justify;\"><span style=\"font-size: 13.3333px;\">Toujours est-il que nous sommes ici, en Nouvelle Z\u00e9lande, aujourd&rsquo;hui, apr\u00e8s 5 mois intenses de voyage et que nous sommes impatients de d\u00e9couvrir ce que nous r\u00e9servent les 5 prochains mois. Alors en route, <strong>tout droit jusqu&rsquo;au prochain matin &#8230;<\/strong><\/span><\/p>\n<p dir=\"ltr\"><a href=\"https:\/\/toutdroit.voyage\/wp-content\/uploads\/2024\/10\/IMG_20241010_172538_resized_20241012_051029948.jpg\"><img loading=\"lazy\" decoding=\"async\" class=\" wp-image-628 aligncenter\" src=\"https:\/\/toutdroit.voyage\/wp-content\/uploads\/2024\/10\/IMG_20241010_172538_resized_20241012_051029948-300x225.jpg\" alt=\"\" width=\"407\" height=\"305\" srcset=\"https:\/\/toutdroit.voyage\/wp-content\/uploads\/2024\/10\/IMG_20241010_172538_resized_20241012_051029948-300x225.jpg 300w, https:\/\/toutdroit.voyage\/wp-content\/uploads\/2024\/10\/IMG_20241010_172538_resized_20241012_051029948-768x576.jpg 768w, https:\/\/toutdroit.voyage\/wp-content\/uploads\/2024\/10\/IMG_20241010_172538_resized_20241012_051029948.jpg 1000w\" sizes=\"auto, (max-width: 407px) 100vw, 407px\" \/><\/a><\/p>\n<p>\u00a0<\/p>\n\n\n","protected":false},"excerpt":{"rendered":"<p>Dans cet article, je ne parle pas en mon nom mais pour nous 5. D\u00e9j\u00e0 5 mois que nous sommes partis. 5 mois sur 10. La moiti\u00e9 de notre voyage. Encore 5 mois \u00e0 partager, plus que 5 mois \u00e0&hellip; <\/p>\n","protected":false},"author":2,"featured_media":0,"comment_status":"open","ping_status":"closed","sticky":false,"template":"","format":"standard","meta":{"footnotes":""},"categories":[14],"tags":[],"class_list":["post-1850","post","type-post","status-publish","format-standard","hentry","category-fev-25-nelle-zelande-sud"],"_links":{"self":[{"href":"https:\/\/toutdroit.voyage\/index.php\/wp-json\/wp\/v2\/posts\/1850","targetHints":{"allow":["GET"]}}],"collection":[{"href":"https:\/\/toutdroit.voyage\/index.php\/wp-json\/wp\/v2\/posts"}],"about":[{"href":"https:\/\/toutdroit.voyage\/index.php\/wp-json\/wp\/v2\/types\/post"}],"author":[{"embeddable":true,"href":"https:\/\/toutdroit.voyage\/index.php\/wp-json\/wp\/v2\/users\/2"}],"replies":[{"embeddable":true,"href":"https:\/\/toutdroit.voyage\/index.php\/wp-json\/wp\/v2\/comments?post=1850"}],"version-history":[{"count":10,"href":"https:\/\/toutdroit.voyage\/index.php\/wp-json\/wp\/v2\/posts\/1850\/revisions"}],"predecessor-version":[{"id":2012,"href":"https:\/\/toutdroit.voyage\/index.php\/wp-json\/wp\/v2\/posts\/1850\/revisions\/2012"}],"wp:attachment":[{"href":"https:\/\/toutdroit.voyage\/index.php\/wp-json\/wp\/v2\/media?parent=1850"}],"wp:term":[{"taxonomy":"category","embeddable":true,"href":"https:\/\/toutdroit.voyage\/index.php\/wp-json\/wp\/v2\/categories?post=1850"},{"taxonomy":"post_tag","embeddable":true,"href":"https:\/\/toutdroit.voyage\/index.php\/wp-json\/wp\/v2\/tags?post=1850"}],"curies":[{"name":"wp","href":"https:\/\/api.w.org\/{rel}","templated":true}]}}